{"id":11915,"date":"2023-03-27T09:38:04","date_gmt":"2023-03-27T09:38:04","guid":{"rendered":"https:\/\/sarah-schneider-sprachdienste.de\/?p=11915"},"modified":"2023-05-22T18:19:53","modified_gmt":"2023-05-22T18:19:53","slug":"naturalizacion-en-alemania","status":"publish","type":"post","link":"https:\/\/sarah-schneider-sprachdienste.de\/es\/naturalizacion-en-alemania\/","title":{"rendered":"Traducci\u00f3n espa\u00f1ol <> alem\u00e1n de documentos para la naturalizaci\u00f3n en Alemania"},"content":{"rendered":"\n<p>En general, si ha solicitado la nacionalizaci\u00f3n en Alemania, deber\u00e1 <strong>traducir y jurar<\/strong> varios documentos, primero del alem\u00e1n al espa\u00f1ol y luego del espa\u00f1ol al alem\u00e1n.<\/p>\n\n\n\n<h2 class=\"wp-block-heading\"><strong>Traducci\u00f3n jurada del alem\u00e1n al espa\u00f1ol para la solicitud de naturalizaci\u00f3n<\/strong><\/h2>\n\n\n\n<p>Los documentos que hay que traducir <strong>primero del alem\u00e1n al espa\u00f1ol<\/strong> suelen ser la <strong>promesa de nacionalizaci\u00f3n<\/strong> (<em>Einb\u00fcrgerungszusicherung<\/em>) y el <em>certificado de antecedentes penales <\/em>(F\u00fchrungszeugnis, m\u00e1s informaci\u00f3n <a href=\"https:\/\/sarah-schneider-sprachdienste.de\/es\/el-certificado-de-antecedentes-penales-en-alemania\/\" target=\"_blank\" rel=\"noreferrer noopener\">aqu\u00ed<\/a>) junto con la solicitud y posteriormente el <strong>certificado de naturalizaci\u00f3n<\/strong> (<em>Einb\u00fcrgerungsurkunde<\/em>). Si la persona que desea solicitar la nacionalizaci\u00f3n procede de Am\u00e9rica Latina y por tanto, de un pa\u00eds no perteneciente a la UE, se requiere adem\u00e1s de una<strong><a href=\"https:\/\/sarah-schneider-sprachdienste.de\/es\/traduccion-de-la-apostilla-al-aleman\/\"> apostilla<\/a><\/strong>, que tambi\u00e9n debe traducirse.<\/p>\n\n\n\n<p>Luego debe <strong>presentar la traducci\u00f3n jurada de estos dos documentos en la embajada de su pa\u00eds de origen<\/strong>. Puede ser la embajada espa\u00f1ola en Berl\u00edn o el consulado espa\u00f1ol en D\u00fcsseldorf o Fr\u00e1ncfort. <strong>Yo estoy registrada en la Embajada de Espa\u00f1a en Berl\u00edn como traductora oficial<\/strong> y figuro inscrita en la lista correspondiente, por lo que puede presentar mis traducciones all\u00ed sin ning\u00fan problema y, sobre todo, <strong>sin necesidad de apostillar la traducci\u00f3n<\/strong>.<\/p>\n\n\n\n<p>Si desea presentar la traducci\u00f3n jurada al espa\u00f1ol en la embajada espa\u00f1ola en Stuttgart, desafortunadamente no puedo ayudarle. La Embajada en Stuttgart solo acepta traducciones juradas de traductores autorizados o int\u00e9rpretes jurados locales.<\/p>\n\n\n\n<p><strong>Naturalizaci\u00f3n para personas procedentes un pa\u00eds no perteneciente a la UE (Am\u00e9rica Latina)<\/strong><\/p>\n\n\n\n<p>Si desea presentar la traducci\u00f3n jurada al espa\u00f1ol, <strong>por ejemplo<\/strong>, en el <strong>consulado o la embajada de Colombia<\/strong> en Berl\u00edn o en Fr\u00e1ncfort, se aplican otros requisitos. <strong>Si presenta la traducci\u00f3n al espa\u00f1ol en una embajada de un pa\u00eds no perteneciente a la UE, deber\u00e1 apostillar previamente la firma del traductor<\/strong>. Puedo llevar a cabo este tr\u00e1mite yo misma por usted. Puede obtener m\u00e1s informaci\u00f3n aqu\u00ed, a modo de ejemplo, ya que para la mayor\u00eda de los pa\u00edses terceros el procedimiento es el mismo:<\/p>\n\n\n\n<p>El <strong>consulado de Colombia<\/strong> establece, por ejemplo, los siguientes requisitos:<\/p>\n\n\n\n<p>\u00ab<strong>Requisitos del Consulado de Colombia<\/strong><\/p>\n\n\n\n<ul class=\"wp-block-list\">\n<li><strong>Promesa de la nacionalizaci\u00f3n en original y apostillado por la entidad alemana<\/strong>, responsable para ello.&nbsp;Promesa de nacionalizaci\u00f3n original + Apostilla o pasaporte<\/li>\n<\/ul>\n\n\n\n<ul class=\"wp-block-list\">\n<li><strong>Traducci\u00f3n de la Promesa de la nacionalizaci\u00f3n original por traductor oficial, cuya firma tiene que ser apostillada en el tribunal<\/strong>&nbsp;o por la respectiva autoridad de su ciudad.&nbsp;Traducci\u00f3n jurada de la promesa de nacionalizaci\u00f3n + Apostilla. La traducci\u00f3n tambi\u00e9n debe apostillarse.<\/li>\n<\/ul>\n\n\n\n<ul class=\"wp-block-list\">\n<li><strong>Certificado de Buena Conducta original apostillado<\/strong>. Original apostillado, por la entidad alemana, responsable para ello.&nbsp;Certificado de antecedentes penales alem\u00e1n + Apostilla.<\/li>\n\n\n\n<li><strong>Traducci\u00f3n Certificado de Buena Conducta apostillado por un traductor oficial, cuya firma tiene que ser apostillado en el tribunal&nbsp;<\/strong>o la respectiva autoridad de su ciudad. Traducci\u00f3n jurada del certificado de antecedentes penales + Apostilla. La traducci\u00f3n tambi\u00e9n debe apostillarse.&nbsp;<\/li>\n<\/ul>\n\n\n\n<p><strong><em>Recuerde que debe traer los originales de los documentos alemanes (Einb\u00fcrgerungszusicherung und F\u00fchrungszeugnis) apostillados, traducidos por un traductor oficial y tambi\u00e9n las traducciones apostilladas. En total son 4 apostillas. Las apostillas no tienen que ser traducidas necesariamente<\/em><\/strong>\u00bb.<\/p>\n\n\n\n<p>Si lo desea, <strong>puedo obtener la apostilla para las traducciones por usted<\/strong>, no tiene que ocuparse de ello usted mismo, y las apostillas para la traducci\u00f3n, aunque le llegar\u00e1n en lengua alemana, no hace falta traducirlas. <\/p>\n\n\n\n<h2 class=\"wp-block-heading\"><strong>Traducci\u00f3n jurada espa\u00f1ol &gt; alem\u00e1n para la naturalizaci\u00f3n<\/strong><\/h2>\n\n\n\n<p>Tras la correspondiente solicitud de nacionalizaci\u00f3n en la embajada de su pa\u00eds de origen, los documentos expedidos all\u00ed en espa\u00f1ol tambi\u00e9n deber\u00e1n ser traducidos al alem\u00e1n por un traductor jurado. Estos documentos son, por ejemplo, el \u00ab<strong>Acta de Renuncia a la Nacionalidad<\/strong>\u00bb (Verzicht auf die Staatsb\u00fcrgerschaft).<\/p>\n\n\n\n<p>Ya que estoy <strong>habilitada por un tribunal alem\u00e1n<\/strong> y la traducci\u00f3n del espa\u00f1ol al alem\u00e1n se presenta posteriormente ante una autoridad alemana, <strong>mi firma no tiene que ser certificada de nuevo con una apostilla<\/strong>.<\/p>\n\n\n\n<p>Si necesita un presupuesto para la traducci\u00f3n jurada de sus documentos para solicitar la naturalizaci\u00f3n, env\u00edeme sus documentos por correo electr\u00f3nico y le har\u00e9 una oferta sin compromiso.<\/p>\n\n\n\n<p>Espero su correo electr\u00f3nico.<\/p>\n","protected":false},"excerpt":{"rendered":"<p>Traducimos y juramos todos los documentos del espa\u00f1ol al alem\u00e1n y viceversa entorno a la naturalizaci\u00f3n \/ nacionalizaci\u00f3n en Alemania. Adem\u00e1s, se beneficia de nuestra ampl\u00edsima experiencia con dicho tr\u00e1mite, tanto para ciudadanos europeos como para ciudadanos de pa\u00edses terceros (Am\u00e9rica Latina)<\/p>\n","protected":false},"author":1,"featured_media":11926,"comment_status":"closed","ping_status":"closed","sticky":false,"template":"","format":"standard","meta":{"footnotes":""},"categories":[98],"tags":[],"class_list":["post-11915","post","type-post","status-publish","format-standard","has-post-thumbnail","hentry","category-nacionalizacion"],"yoast_head":"<!-- This site is optimized with the Yoast SEO plugin v27.4 - https:\/\/yoast.com\/product\/yoast-seo-wordpress\/ -->\n<title>Traducci\u00f3n espa\u00f1ol  alem\u00e1n de documentos para la naturalizaci\u00f3n en Alemania - Sarah Schneider Sprachdienste - Servicios Ling\u00fc\u00edsticos<\/title>\n<meta name=\"description\" content=\"Necesita traducciones juradas del alem\u00e1n al espa\u00f1ol y viceversa para tramitar su nacionalizaci\u00f3n en Alemania? Aqu\u00ed le ayudamos.\" \/>\n<meta name=\"robots\" content=\"index, follow, max-snippet:-1, max-image-preview:large, max-video-preview:-1\" \/>\n<link rel=\"canonical\" href=\"https:\/\/sarah-schneider-sprachdienste.de\/es\/naturalizacion-en-alemania\/\" \/>\n<meta property=\"og:locale\" content=\"es_ES\" \/>\n<meta property=\"og:type\" content=\"article\" \/>\n<meta property=\"og:title\" content=\"Traducci\u00f3n espa\u00f1ol  alem\u00e1n de documentos para la naturalizaci\u00f3n en Alemania - Sarah Schneider Sprachdienste - Servicios Ling\u00fc\u00edsticos\" \/>\n<meta property=\"og:description\" content=\"Necesita traducciones juradas del alem\u00e1n al espa\u00f1ol y viceversa para tramitar su nacionalizaci\u00f3n en Alemania? Aqu\u00ed le ayudamos.\" \/>\n<meta property=\"og:url\" content=\"https:\/\/sarah-schneider-sprachdienste.de\/es\/naturalizacion-en-alemania\/\" \/>\n<meta property=\"og:site_name\" content=\"Sarah Schneider Sprachdienste - Servicios Ling\u00fc\u00edsticos\" \/>\n<meta property=\"article:published_time\" content=\"2023-03-27T09:38:04+00:00\" \/>\n<meta property=\"article:modified_time\" content=\"2023-05-22T18:19:53+00:00\" \/>\n<meta property=\"og:image\" content=\"https:\/\/sarah-schneider-sprachdienste.de\/wp-content\/uploads\/Einbuergerung.png\" \/>\n\t<meta property=\"og:image:width\" content=\"585\" \/>\n\t<meta property=\"og:image:height\" content=\"332\" \/>\n\t<meta property=\"og:image:type\" content=\"image\/png\" \/>\n<meta name=\"author\" content=\"Sarah Schneider, M.A., erm\u00e4chtigte \u00dcbersetzerin f\u00fcr die spanische Sprache\" \/>\n<meta name=\"twitter:card\" content=\"summary_large_image\" \/>\n<meta name=\"twitter:label1\" content=\"Escrito por\" \/>\n\t<meta name=\"twitter:data1\" content=\"Sarah Schneider, M.A., erm\u00e4chtigte \u00dcbersetzerin f\u00fcr die spanische Sprache\" \/>\n\t<meta name=\"twitter:label2\" content=\"Tiempo de lectura\" \/>\n\t<meta name=\"twitter:data2\" content=\"4 minutos\" \/>\n<script type=\"application\/ld+json\" class=\"yoast-schema-graph\">{\"@context\":\"https:\\\/\\\/schema.org\",\"@graph\":[{\"@type\":\"Article\",\"@id\":\"https:\\\/\\\/sarah-schneider-sprachdienste.de\\\/es\\\/naturalizacion-en-alemania\\\/#article\",\"isPartOf\":{\"@id\":\"https:\\\/\\\/sarah-schneider-sprachdienste.de\\\/es\\\/naturalizacion-en-alemania\\\/\"},\"author\":{\"name\":\"Sarah Schneider, M.A., erm\u00e4chtigte \u00dcbersetzerin f\u00fcr die spanische Sprache\",\"@id\":\"https:\\\/\\\/sarah-schneider-sprachdienste.de\\\/es\\\/#\\\/schema\\\/person\\\/3574b8852bc10be824ce67f91f973c94\"},\"headline\":\"Traducci\u00f3n espa\u00f1ol alem\u00e1n de documentos para la naturalizaci\u00f3n en Alemania\",\"datePublished\":\"2023-03-27T09:38:04+00:00\",\"dateModified\":\"2023-05-22T18:19:53+00:00\",\"mainEntityOfPage\":{\"@id\":\"https:\\\/\\\/sarah-schneider-sprachdienste.de\\\/es\\\/naturalizacion-en-alemania\\\/\"},\"wordCount\":753,\"publisher\":{\"@id\":\"https:\\\/\\\/sarah-schneider-sprachdienste.de\\\/es\\\/#organization\"},\"image\":{\"@id\":\"https:\\\/\\\/sarah-schneider-sprachdienste.de\\\/es\\\/naturalizacion-en-alemania\\\/#primaryimage\"},\"thumbnailUrl\":\"https:\\\/\\\/sarah-schneider-sprachdienste.de\\\/wp-content\\\/uploads\\\/Einbuergerung.png\",\"articleSection\":[\"Nacionalizaci\u00f3n\"],\"inLanguage\":\"es\"},{\"@type\":\"WebPage\",\"@id\":\"https:\\\/\\\/sarah-schneider-sprachdienste.de\\\/es\\\/naturalizacion-en-alemania\\\/\",\"url\":\"https:\\\/\\\/sarah-schneider-sprachdienste.de\\\/es\\\/naturalizacion-en-alemania\\\/\",\"name\":\"Traducci\u00f3n espa\u00f1ol alem\u00e1n de documentos para la naturalizaci\u00f3n en Alemania - Sarah Schneider Sprachdienste - Servicios Ling\u00fc\u00edsticos\",\"isPartOf\":{\"@id\":\"https:\\\/\\\/sarah-schneider-sprachdienste.de\\\/es\\\/#website\"},\"primaryImageOfPage\":{\"@id\":\"https:\\\/\\\/sarah-schneider-sprachdienste.de\\\/es\\\/naturalizacion-en-alemania\\\/#primaryimage\"},\"image\":{\"@id\":\"https:\\\/\\\/sarah-schneider-sprachdienste.de\\\/es\\\/naturalizacion-en-alemania\\\/#primaryimage\"},\"thumbnailUrl\":\"https:\\\/\\\/sarah-schneider-sprachdienste.de\\\/wp-content\\\/uploads\\\/Einbuergerung.png\",\"datePublished\":\"2023-03-27T09:38:04+00:00\",\"dateModified\":\"2023-05-22T18:19:53+00:00\",\"description\":\"Necesita traducciones juradas del alem\u00e1n al espa\u00f1ol y viceversa para tramitar su nacionalizaci\u00f3n en Alemania? Aqu\u00ed le ayudamos.\",\"breadcrumb\":{\"@id\":\"https:\\\/\\\/sarah-schneider-sprachdienste.de\\\/es\\\/naturalizacion-en-alemania\\\/#breadcrumb\"},\"inLanguage\":\"es\",\"potentialAction\":[{\"@type\":\"ReadAction\",\"target\":[\"https:\\\/\\\/sarah-schneider-sprachdienste.de\\\/es\\\/naturalizacion-en-alemania\\\/\"]}]},{\"@type\":\"ImageObject\",\"inLanguage\":\"es\",\"@id\":\"https:\\\/\\\/sarah-schneider-sprachdienste.de\\\/es\\\/naturalizacion-en-alemania\\\/#primaryimage\",\"url\":\"https:\\\/\\\/sarah-schneider-sprachdienste.de\\\/wp-content\\\/uploads\\\/Einbuergerung.png\",\"contentUrl\":\"https:\\\/\\\/sarah-schneider-sprachdienste.de\\\/wp-content\\\/uploads\\\/Einbuergerung.png\",\"width\":585,\"height\":332,\"caption\":\"Einb\u00fcrgerungsurkunde\"},{\"@type\":\"BreadcrumbList\",\"@id\":\"https:\\\/\\\/sarah-schneider-sprachdienste.de\\\/es\\\/naturalizacion-en-alemania\\\/#breadcrumb\",\"itemListElement\":[{\"@type\":\"ListItem\",\"position\":1,\"name\":\"Portada\",\"item\":\"https:\\\/\\\/sarah-schneider-sprachdienste.de\\\/es\\\/\"},{\"@type\":\"ListItem\",\"position\":2,\"name\":\"Traducci\u00f3n espa\u00f1ol alem\u00e1n de documentos para la naturalizaci\u00f3n en Alemania\"}]},{\"@type\":\"WebSite\",\"@id\":\"https:\\\/\\\/sarah-schneider-sprachdienste.de\\\/es\\\/#website\",\"url\":\"https:\\\/\\\/sarah-schneider-sprachdienste.de\\\/es\\\/\",\"name\":\"Sarah Schneider Sprachdienste - Servicios Ling\u00fc\u00edsticos\",\"description\":\"\",\"publisher\":{\"@id\":\"https:\\\/\\\/sarah-schneider-sprachdienste.de\\\/es\\\/#organization\"},\"potentialAction\":[{\"@type\":\"SearchAction\",\"target\":{\"@type\":\"EntryPoint\",\"urlTemplate\":\"https:\\\/\\\/sarah-schneider-sprachdienste.de\\\/es\\\/?s={search_term_string}\"},\"query-input\":{\"@type\":\"PropertyValueSpecification\",\"valueRequired\":true,\"valueName\":\"search_term_string\"}}],\"inLanguage\":\"es\"},{\"@type\":\"Organization\",\"@id\":\"https:\\\/\\\/sarah-schneider-sprachdienste.de\\\/es\\\/#organization\",\"name\":\"Sarah Schneider Sprachdienste\",\"alternateName\":\"sprachdienste\",\"url\":\"https:\\\/\\\/sarah-schneider-sprachdienste.de\\\/es\\\/\",\"logo\":{\"@type\":\"ImageObject\",\"inLanguage\":\"es\",\"@id\":\"https:\\\/\\\/sarah-schneider-sprachdienste.de\\\/es\\\/#\\\/schema\\\/logo\\\/image\\\/\",\"url\":\"https:\\\/\\\/sarah-schneider-sprachdienste.de\\\/wp-content\\\/uploads\\\/logo-alem_C3_A1-optimizado.png\",\"contentUrl\":\"https:\\\/\\\/sarah-schneider-sprachdienste.de\\\/wp-content\\\/uploads\\\/logo-alem_C3_A1-optimizado.png\",\"width\":636,\"height\":244,\"caption\":\"Sarah Schneider Sprachdienste\"},\"image\":{\"@id\":\"https:\\\/\\\/sarah-schneider-sprachdienste.de\\\/es\\\/#\\\/schema\\\/logo\\\/image\\\/\"}},{\"@type\":\"Person\",\"@id\":\"https:\\\/\\\/sarah-schneider-sprachdienste.de\\\/es\\\/#\\\/schema\\\/person\\\/3574b8852bc10be824ce67f91f973c94\",\"name\":\"Sarah Schneider, M.A., erm\u00e4chtigte \u00dcbersetzerin f\u00fcr die spanische Sprache\",\"image\":{\"@type\":\"ImageObject\",\"inLanguage\":\"es\",\"@id\":\"https:\\\/\\\/secure.gravatar.com\\\/avatar\\\/0a4d97181d7039e5ef62d7e5f95f647b95dbec3d21f21bcc6765232192c12e09?s=96&d=mm&r=g\",\"url\":\"https:\\\/\\\/secure.gravatar.com\\\/avatar\\\/0a4d97181d7039e5ef62d7e5f95f647b95dbec3d21f21bcc6765232192c12e09?s=96&d=mm&r=g\",\"contentUrl\":\"https:\\\/\\\/secure.gravatar.com\\\/avatar\\\/0a4d97181d7039e5ef62d7e5f95f647b95dbec3d21f21bcc6765232192c12e09?s=96&d=mm&r=g\",\"caption\":\"Sarah Schneider, M.A., erm\u00e4chtigte \u00dcbersetzerin f\u00fcr die spanische Sprache\"},\"sameAs\":[\"https:\\\/\\\/sarah-schneider-sprachdienste.de\"],\"url\":\"https:\\\/\\\/sarah-schneider-sprachdienste.de\\\/es\\\/author\\\/sarahtarjetavirtual\\\/\"}]}<\/script>\n<!-- \/ Yoast SEO plugin. -->","yoast_head_json":{"title":"Traducci\u00f3n espa\u00f1ol  alem\u00e1n de documentos para la naturalizaci\u00f3n en Alemania - Sarah Schneider Sprachdienste - Servicios Ling\u00fc\u00edsticos","description":"Necesita traducciones juradas del alem\u00e1n al espa\u00f1ol y viceversa para tramitar su nacionalizaci\u00f3n en Alemania? Aqu\u00ed le ayudamos.","robots":{"index":"index","follow":"follow","max-snippet":"max-snippet:-1","max-image-preview":"max-image-preview:large","max-video-preview":"max-video-preview:-1"},"canonical":"https:\/\/sarah-schneider-sprachdienste.de\/es\/naturalizacion-en-alemania\/","og_locale":"es_ES","og_type":"article","og_title":"Traducci\u00f3n espa\u00f1ol  alem\u00e1n de documentos para la naturalizaci\u00f3n en Alemania - Sarah Schneider Sprachdienste - Servicios Ling\u00fc\u00edsticos","og_description":"Necesita traducciones juradas del alem\u00e1n al espa\u00f1ol y viceversa para tramitar su nacionalizaci\u00f3n en Alemania? Aqu\u00ed le ayudamos.","og_url":"https:\/\/sarah-schneider-sprachdienste.de\/es\/naturalizacion-en-alemania\/","og_site_name":"Sarah Schneider Sprachdienste - Servicios Ling\u00fc\u00edsticos","article_published_time":"2023-03-27T09:38:04+00:00","article_modified_time":"2023-05-22T18:19:53+00:00","og_image":[{"width":585,"height":332,"url":"https:\/\/sarah-schneider-sprachdienste.de\/wp-content\/uploads\/Einbuergerung.png","type":"image\/png"}],"author":"Sarah Schneider, M.A., erm\u00e4chtigte \u00dcbersetzerin f\u00fcr die spanische Sprache","twitter_card":"summary_large_image","twitter_misc":{"Escrito por":"Sarah Schneider, M.A., erm\u00e4chtigte \u00dcbersetzerin f\u00fcr die spanische Sprache","Tiempo de lectura":"4 minutos"},"schema":{"@context":"https:\/\/schema.org","@graph":[{"@type":"Article","@id":"https:\/\/sarah-schneider-sprachdienste.de\/es\/naturalizacion-en-alemania\/#article","isPartOf":{"@id":"https:\/\/sarah-schneider-sprachdienste.de\/es\/naturalizacion-en-alemania\/"},"author":{"name":"Sarah Schneider, M.A., erm\u00e4chtigte \u00dcbersetzerin f\u00fcr die spanische Sprache","@id":"https:\/\/sarah-schneider-sprachdienste.de\/es\/#\/schema\/person\/3574b8852bc10be824ce67f91f973c94"},"headline":"Traducci\u00f3n espa\u00f1ol alem\u00e1n de documentos para la naturalizaci\u00f3n en Alemania","datePublished":"2023-03-27T09:38:04+00:00","dateModified":"2023-05-22T18:19:53+00:00","mainEntityOfPage":{"@id":"https:\/\/sarah-schneider-sprachdienste.de\/es\/naturalizacion-en-alemania\/"},"wordCount":753,"publisher":{"@id":"https:\/\/sarah-schneider-sprachdienste.de\/es\/#organization"},"image":{"@id":"https:\/\/sarah-schneider-sprachdienste.de\/es\/naturalizacion-en-alemania\/#primaryimage"},"thumbnailUrl":"https:\/\/sarah-schneider-sprachdienste.de\/wp-content\/uploads\/Einbuergerung.png","articleSection":["Nacionalizaci\u00f3n"],"inLanguage":"es"},{"@type":"WebPage","@id":"https:\/\/sarah-schneider-sprachdienste.de\/es\/naturalizacion-en-alemania\/","url":"https:\/\/sarah-schneider-sprachdienste.de\/es\/naturalizacion-en-alemania\/","name":"Traducci\u00f3n espa\u00f1ol alem\u00e1n de documentos para la naturalizaci\u00f3n en Alemania - Sarah Schneider Sprachdienste - Servicios Ling\u00fc\u00edsticos","isPartOf":{"@id":"https:\/\/sarah-schneider-sprachdienste.de\/es\/#website"},"primaryImageOfPage":{"@id":"https:\/\/sarah-schneider-sprachdienste.de\/es\/naturalizacion-en-alemania\/#primaryimage"},"image":{"@id":"https:\/\/sarah-schneider-sprachdienste.de\/es\/naturalizacion-en-alemania\/#primaryimage"},"thumbnailUrl":"https:\/\/sarah-schneider-sprachdienste.de\/wp-content\/uploads\/Einbuergerung.png","datePublished":"2023-03-27T09:38:04+00:00","dateModified":"2023-05-22T18:19:53+00:00","description":"Necesita traducciones juradas del alem\u00e1n al espa\u00f1ol y viceversa para tramitar su nacionalizaci\u00f3n en Alemania? Aqu\u00ed le ayudamos.","breadcrumb":{"@id":"https:\/\/sarah-schneider-sprachdienste.de\/es\/naturalizacion-en-alemania\/#breadcrumb"},"inLanguage":"es","potentialAction":[{"@type":"ReadAction","target":["https:\/\/sarah-schneider-sprachdienste.de\/es\/naturalizacion-en-alemania\/"]}]},{"@type":"ImageObject","inLanguage":"es","@id":"https:\/\/sarah-schneider-sprachdienste.de\/es\/naturalizacion-en-alemania\/#primaryimage","url":"https:\/\/sarah-schneider-sprachdienste.de\/wp-content\/uploads\/Einbuergerung.png","contentUrl":"https:\/\/sarah-schneider-sprachdienste.de\/wp-content\/uploads\/Einbuergerung.png","width":585,"height":332,"caption":"Einb\u00fcrgerungsurkunde"},{"@type":"BreadcrumbList","@id":"https:\/\/sarah-schneider-sprachdienste.de\/es\/naturalizacion-en-alemania\/#breadcrumb","itemListElement":[{"@type":"ListItem","position":1,"name":"Portada","item":"https:\/\/sarah-schneider-sprachdienste.de\/es\/"},{"@type":"ListItem","position":2,"name":"Traducci\u00f3n espa\u00f1ol alem\u00e1n de documentos para la naturalizaci\u00f3n en Alemania"}]},{"@type":"WebSite","@id":"https:\/\/sarah-schneider-sprachdienste.de\/es\/#website","url":"https:\/\/sarah-schneider-sprachdienste.de\/es\/","name":"Sarah Schneider Sprachdienste - Servicios Ling\u00fc\u00edsticos","description":"","publisher":{"@id":"https:\/\/sarah-schneider-sprachdienste.de\/es\/#organization"},"potentialAction":[{"@type":"SearchAction","target":{"@type":"EntryPoint","urlTemplate":"https:\/\/sarah-schneider-sprachdienste.de\/es\/?s={search_term_string}"},"query-input":{"@type":"PropertyValueSpecification","valueRequired":true,"valueName":"search_term_string"}}],"inLanguage":"es"},{"@type":"Organization","@id":"https:\/\/sarah-schneider-sprachdienste.de\/es\/#organization","name":"Sarah Schneider Sprachdienste","alternateName":"sprachdienste","url":"https:\/\/sarah-schneider-sprachdienste.de\/es\/","logo":{"@type":"ImageObject","inLanguage":"es","@id":"https:\/\/sarah-schneider-sprachdienste.de\/es\/#\/schema\/logo\/image\/","url":"https:\/\/sarah-schneider-sprachdienste.de\/wp-content\/uploads\/logo-alem_C3_A1-optimizado.png","contentUrl":"https:\/\/sarah-schneider-sprachdienste.de\/wp-content\/uploads\/logo-alem_C3_A1-optimizado.png","width":636,"height":244,"caption":"Sarah Schneider Sprachdienste"},"image":{"@id":"https:\/\/sarah-schneider-sprachdienste.de\/es\/#\/schema\/logo\/image\/"}},{"@type":"Person","@id":"https:\/\/sarah-schneider-sprachdienste.de\/es\/#\/schema\/person\/3574b8852bc10be824ce67f91f973c94","name":"Sarah Schneider, M.A., erm\u00e4chtigte \u00dcbersetzerin f\u00fcr die spanische Sprache","image":{"@type":"ImageObject","inLanguage":"es","@id":"https:\/\/secure.gravatar.com\/avatar\/0a4d97181d7039e5ef62d7e5f95f647b95dbec3d21f21bcc6765232192c12e09?s=96&d=mm&r=g","url":"https:\/\/secure.gravatar.com\/avatar\/0a4d97181d7039e5ef62d7e5f95f647b95dbec3d21f21bcc6765232192c12e09?s=96&d=mm&r=g","contentUrl":"https:\/\/secure.gravatar.com\/avatar\/0a4d97181d7039e5ef62d7e5f95f647b95dbec3d21f21bcc6765232192c12e09?s=96&d=mm&r=g","caption":"Sarah Schneider, M.A., erm\u00e4chtigte \u00dcbersetzerin f\u00fcr die spanische Sprache"},"sameAs":["https:\/\/sarah-schneider-sprachdienste.de"],"url":"https:\/\/sarah-schneider-sprachdienste.de\/es\/author\/sarahtarjetavirtual\/"}]}},"_links":{"self":[{"href":"https:\/\/sarah-schneider-sprachdienste.de\/es\/wp-json\/wp\/v2\/posts\/11915","targetHints":{"allow":["GET"]}}],"collection":[{"href":"https:\/\/sarah-schneider-sprachdienste.de\/es\/wp-json\/wp\/v2\/posts"}],"about":[{"href":"https:\/\/sarah-schneider-sprachdienste.de\/es\/wp-json\/wp\/v2\/types\/post"}],"author":[{"embeddable":true,"href":"https:\/\/sarah-schneider-sprachdienste.de\/es\/wp-json\/wp\/v2\/users\/1"}],"replies":[{"embeddable":true,"href":"https:\/\/sarah-schneider-sprachdienste.de\/es\/wp-json\/wp\/v2\/comments?post=11915"}],"version-history":[{"count":2,"href":"https:\/\/sarah-schneider-sprachdienste.de\/es\/wp-json\/wp\/v2\/posts\/11915\/revisions"}],"predecessor-version":[{"id":17822,"href":"https:\/\/sarah-schneider-sprachdienste.de\/es\/wp-json\/wp\/v2\/posts\/11915\/revisions\/17822"}],"wp:featuredmedia":[{"embeddable":true,"href":"https:\/\/sarah-schneider-sprachdienste.de\/es\/wp-json\/wp\/v2\/media\/11926"}],"wp:attachment":[{"href":"https:\/\/sarah-schneider-sprachdienste.de\/es\/wp-json\/wp\/v2\/media?parent=11915"}],"wp:term":[{"taxonomy":"category","embeddable":true,"href":"https:\/\/sarah-schneider-sprachdienste.de\/es\/wp-json\/wp\/v2\/categories?post=11915"},{"taxonomy":"post_tag","embeddable":true,"href":"https:\/\/sarah-schneider-sprachdienste.de\/es\/wp-json\/wp\/v2\/tags?post=11915"}],"curies":[{"name":"wp","href":"https:\/\/api.w.org\/{rel}","templated":true}]}}