{"id":18475,"date":"2023-05-28T12:49:33","date_gmt":"2023-05-28T12:49:33","guid":{"rendered":"https:\/\/sarah-schneider-sprachdienste.de\/?p=18475"},"modified":"2023-05-28T12:49:36","modified_gmt":"2023-05-28T12:49:36","slug":"traduccion-jurada-registro-mercantil","status":"publish","type":"post","link":"https:\/\/sarah-schneider-sprachdienste.de\/es\/traduccion-jurada-registro-mercantil\/","title":{"rendered":"Traducci\u00f3n de extractos del registro mercantil espa\u00f1ol &lt;> alem\u00e1n"},"content":{"rendered":"\n<h2 class=\"wp-block-heading\"><strong>Traducci\u00f3n de extractos del registro mercantil del espa\u00f1ol al alem\u00e1n<\/strong><\/h2>\n\n\n\n<p>Como <strong>traductora habilitada por un tribunal<\/strong> alem\u00e1n (en mi caso el <a href=\"https:\/\/www.olg-koeln.nrw.de\/aufgaben\/justizverwaltung\/organisation_verwaltung\/dez_7\/dolmetscher_uebersetzer\/index.php\">Oberlandesgericht K\u00f6ln<\/a>) puedo ofrecerle <strong>traducciones juradas<\/strong> (tambi\u00e9n conocida como <strong>traducci\u00f3n oficial<\/strong>) de <strong>su extracto del registro mercantil del espa\u00f1ol  al alem\u00e1n<\/strong>. En espa\u00f1ol, a este documento se le conoce como <em>Informaci\u00f3n Mercantil Interactiva<\/em> o <em>Informaci\u00f3n General Mercantil<\/em> y es emitido por los <em>Registradores de Espa\u00f1a<\/em>. Tambi\u00e9n se le denomina <em>Extracto del Registro Mercantil<\/em> o <em>Certificado del Registro Mercantil<\/em> o <em>Certificaci\u00f3n Registral<\/em>, esto var\u00eda en funci\u00f3n de la versi\u00f3n de la que disponga. Tambi\u00e9n existe la Certificaci\u00f3n notarial de dicho extracto. Adem\u00e1s traduzco <strong>nombramientos de administradores<\/strong> o <strong>directores generales<\/strong> (Cese y nombramiento) y <strong>documentos notariales<\/strong> de todo tipo. Frecuentemente, se debe traducir las inscripciones de las sociedades en los respectivos registros, los extractos de registros de diversa \u00edndole y otros documentos relacionados.<\/p>\n\n\n\n<h2 class=\"wp-block-heading\"><strong>Traducci\u00f3n de extractos del registro mercantil (Handelsregisterauszug) del alem\u00e1n al espa\u00f1ol<\/strong><\/h2>\n\n\n\n<p>Tambi\u00e9n puedo realizar traducciones juradas\/oficiales al <strong>espa\u00f1ol<\/strong>, por ejemplo, de un extracto del registro mercantil (<em>Handelsregisterauszug, HR-Auszug<\/em>) o del <em>Transparenzregisterauszug<\/em> (extracto del registro de transparencia), de la <em>Gesellschafterliste<\/em> (listado de socios de una sociedad) etc.. Probablemente, tenga que presentar esta traducci\u00f3n oficial del alem\u00e1n al espa\u00f1ol en un pa\u00eds de habla hispana, por ejemplo, en Espa\u00f1a. Para ello, es posible que deba obtener <strong>una legalizaci\u00f3n de mi firma<\/strong>. Esta legalizaci\u00f3n es emitida por el tribunal que me ha habilitado como traductora jurada. Yo misma me encargar\u00eda de organizar todo el proceso necesario para dicha legalizaci\u00f3n. A veces tambi\u00e9n es necesaria <strong>una legalizaci\u00f3n notarial de la firma<\/strong>. En este caso, existe la posibilidad de firmar directamente en la notar\u00eda (m\u00e1s informaci\u00f3n sobre estos dos casos aqu\u00ed). En caso de que <strong>necesita presentar la traducci\u00f3n en Espa\u00f1a<\/strong>, podemos proporcionarle una traducci\u00f3n jurada con <strong>sello de un traductor jurado por el Ministerio de Asuntos Exteriores espa\u00f1ol,<\/strong> sin necesidad de apostillar la traducci\u00f3n, lo cual ahorra tiempo y dinero.<\/p>\n\n\n\n<h2 class=\"wp-block-heading\"><strong>Pasos a seguir<\/strong><\/h2>\n\n\n\n<p>Antes de traducir su documentaci\u00f3n empresarial es necesario apostillar todos los documentos para que tengan v\u00e1lidez en en extranjero. La apostilla tambi\u00e9n se traduce, por lo que es necesario primero apostillar, despu\u00e9s traducir. M\u00e1s informaci\u00f3n sobre la apostilla encuentra <a href=\"https:\/\/sarah-schneider-sprachdienste.de\/es\/traduccion-de-la-apostilla-al-aleman\/\" target=\"_blank\" rel=\"noreferrer noopener\">aqu\u00ed<\/a>.<\/p>\n\n\n\n<h2 class=\"wp-block-heading\"><strong>Obtenga un presupuesto para la traducci\u00f3n jurada de un extracto del registro mercantil espa\u00f1ol &lt;&gt; alem\u00e1n<\/strong><\/h2>\n\n\n\n<p>Si desea una traducci\u00f3n jurada de <strong>un extracto del registro mercantil<\/strong> desde o hacia el espa\u00f1ol (traducci\u00f3n jurada u oficial), env\u00edeme los<strong> documentos escaneados, <em>incluyendo la apostilla,<\/em> por correo electr\u00f3nico<\/strong> y le facilitar\u00e9 un <strong>presupuesto sin compromiso en 24 horas<\/strong>. Por supuesto, sus documentos ser\u00e1n tratados de manera estrictamente confidencial. A continuaci\u00f3n, recibir\u00e1 la traducci\u00f3n jurada correspondiente por <strong>correo certificado.<\/strong><\/p>\n\n\n\n<p>Contacto:<\/p>\n\n\n\n<div class=\"wp-block-contact-form-7-contact-form-selector\">\n<div class=\"wpcf7 no-js\" id=\"wpcf7-f160-o1\" lang=\"es-ES\" dir=\"ltr\" data-wpcf7-id=\"160\">\n<div class=\"screen-reader-response\"><p role=\"status\" aria-live=\"polite\" aria-atomic=\"true\"><\/p> <ul><\/ul><\/div>\n<form action=\"\/es\/wp-json\/wp\/v2\/posts\/18475#wpcf7-f160-o1\" method=\"post\" class=\"wpcf7-form init\" aria-label=\"Formulario de contacto\" enctype=\"multipart\/form-data\" novalidate=\"novalidate\" data-status=\"init\">\n<fieldset class=\"hidden-fields-container\"><input type=\"hidden\" name=\"_wpcf7\" value=\"160\" \/><input type=\"hidden\" name=\"_wpcf7_version\" value=\"6.1.5\" \/><input type=\"hidden\" name=\"_wpcf7_locale\" value=\"es_ES\" \/><input type=\"hidden\" name=\"_wpcf7_unit_tag\" value=\"wpcf7-f160-o1\" \/><input type=\"hidden\" name=\"_wpcf7_container_post\" value=\"0\" \/><input type=\"hidden\" name=\"_wpcf7_posted_data_hash\" value=\"\" \/><input type=\"hidden\" name=\"_wpcf7cf_hidden_group_fields\" value=\"[]\" \/><input type=\"hidden\" name=\"_wpcf7cf_hidden_groups\" value=\"[]\" \/><input type=\"hidden\" name=\"_wpcf7cf_visible_groups\" value=\"[]\" \/><input type=\"hidden\" name=\"_wpcf7cf_repeaters\" value=\"[]\" \/><input type=\"hidden\" name=\"_wpcf7cf_steps\" value=\"{}\" \/><input type=\"hidden\" name=\"_wpcf7cf_options\" value=\"{&quot;form_id&quot;:160,&quot;conditions&quot;:[{&quot;then_field&quot;:&quot;Opcion_esp&quot;,&quot;and_rules&quot;:[{&quot;if_field&quot;:&quot;idiomas&quot;,&quot;operator&quot;:&quot;equals&quot;,&quot;if_value&quot;:&quot;alem\\u00e1n &gt; espa\\u00f1ol&quot;}]}],&quot;settings&quot;:{&quot;animation&quot;:&quot;yes&quot;,&quot;animation_intime&quot;:200,&quot;animation_outtime&quot;:200,&quot;conditions_ui&quot;:&quot;normal&quot;,&quot;notice_dismissed&quot;:false,&quot;notice_dismissed_rollback-cf7-5.9.4&quot;:true}}\" \/>\n<\/fieldset>\n<p><label> Tu email (obligatorio)<\/label><br \/>\n<span class=\"wpcf7-form-control-wrap\" data-name=\"your-email\"><input size=\"40\" maxlength=\"400\" class=\"wpcf7-form-control wpcf7-email wpcf7-validates-as-required wpcf7-text wpcf7-validates-as-email half-cf7\" aria-required=\"true\" aria-invalid=\"false\" value=\"\" type=\"email\" name=\"your-email\" \/><\/span>\n<\/p>\n<p><label> Tu nombre (voluntario)<\/label><br \/>\n<span class=\"wpcf7-form-control-wrap\" data-name=\"your-name\"><input size=\"40\" maxlength=\"400\" class=\"wpcf7-form-control wpcf7-text wpcf7-validates-as-required\" aria-required=\"true\" aria-invalid=\"false\" value=\"\" type=\"text\" name=\"your-name\" \/><\/span>\n<\/p>\n<p><label> Tu mensaje<\/label><br \/>\n<span class=\"wpcf7-form-control-wrap\" data-name=\"your-message\"><textarea cols=\"40\" rows=\"10\" maxlength=\"2000\" class=\"wpcf7-form-control wpcf7-textarea\" aria-invalid=\"false\" name=\"your-message\"><\/textarea><\/span>\n<\/p>\n<p><label>Adjuntar documento a traducir para obtener presupuesto:<\/label><br \/>\n<label>Tama\u00f1o m\u00e1ximo del documento 23mb. Si el documento es mas grande env\u00edelo directo al email: post@sarah-schneider.eu<br \/>\nGu\u00eda para escanear <a href=\"https:\/\/sarah-schneider-sprachdienste.de\/es\/guia-para-escanear-documentos-para-su-traduccion-jurada\/\" target=\"_blank\"> documentos para traducciones juradas.<\/a><\/label><br \/>\n<div id=\"mfcf7_zl_multifilecontainer\"><span class=\"mfcf7-zl-multiline-sample\" style=\"display:none\"><p class=\"wpcf7-form-control-wrap files\"><input size=\"40\" class=\"wpcf7-form-control wpcf7-multilinefile wpcf7-validates-as-required\" multiple=\"multiple\" value=\"Subir archivos\" aria-required=\"true\" aria-invalid=\"false\" type=\"file\" name=\"files[]\" \/> <span class=\"mfcf7-zl-multifile-name\"><\/span><a href=\"javascript:void(0);\" class=\"mfcf7_zl_delete_file\"><span class=\"delete-file\" aria-hidden=\"true\">&#x274C;<\/span><\/a><\/p><\/span><\/div><span class=\"wpcf7-form-control-wrap zl-form-control-wrap files\"><input size=\"40\" class=\"wpcf7-form-control wpcf7-multilinefile wpcf7-validates-as-required\" multiple=\"multiple\" value=\"Subir archivos\" aria-required=\"true\" aria-invalid=\"false\" type=\"file\" name=\"files[]\" \/> <span class=\"mfcf7-zl-multifile-name\"><\/span><a href=\"javascript:void(0);\" class=\"mfcf7_zl_delete_file\"><span class=\"delete-file\" aria-hidden=\"true\">&#x274C;<\/span><\/a><\/span><p><label><span class=\"wpcf7-form-control-wrap\" data-name=\"files-zl-mfcf7-upld-btn\"><input type=\"button\" name=\"files-zl-mfcf7-upld-btn\" class=\"button button-primary qbutton\" id=\"mfcf7_zl_add_file\" value=\"Subir archivos\"><\/span><\/label><\/p>\n<\/p>\n<p><label>Tipo de traducci\u00f3n:<\/label><br \/>\n<span class=\"wpcf7-form-control-wrap\" data-name=\"tipo-traduccion\"><select class=\"wpcf7-form-control wpcf7-select wpcf7-validates-as-required\" aria-required=\"true\" aria-invalid=\"false\" name=\"tipo-traduccion\"><option value=\"Traducci\u00f3n jurada\">Traducci\u00f3n jurada<\/option><option value=\"Traducci\u00f3n simple\">Traducci\u00f3n simple<\/option><\/select><\/span>\n<\/p>\n<p><label>Combinaci\u00f3n de idiomas:<\/label><br \/>\n<span class=\"wpcf7-form-control-wrap\" data-name=\"idiomas\"><select class=\"wpcf7-form-control wpcf7-select wpcf7-validates-as-required\" aria-required=\"true\" aria-invalid=\"false\" name=\"idiomas\"><option value=\"espa\u00f1ol &gt; alem\u00e1n\">espa\u00f1ol &gt; alem\u00e1n<\/option><option value=\"alem\u00e1n &gt; espa\u00f1ol\">alem\u00e1n &gt; espa\u00f1ol<\/option><\/select><\/span>\n<\/p>\n<div data-id=\"Opcion_esp\" data-orig_data_id=\"Opcion_esp\" data-clear_on_hide class=\"\" data-class=\"wpcf7cf_group\">\n\t<p><label> Pa\u00eds:<\/label><br \/>\n<span class=\"wpcf7-form-control-wrap\" data-name=\"pais\"><select class=\"wpcf7-form-control wpcf7-select\" aria-invalid=\"false\" name=\"pais\"><option value=\"No Seleccionado\">No Seleccionado<\/option><option value=\"Espa\u00f1a\">Espa\u00f1a<\/option><option value=\"Rep\u00fablica Dominicana o Cuba\">Rep\u00fablica Dominicana o Cuba<\/option><option value=\"Otros pa\u00edses en Latinoam\u00e9rica\">Otros pa\u00edses en Latinoam\u00e9rica<\/option><\/select><\/span>\n\t<\/p>\n<\/div>\n<p><label>Necesito la traducci\u00f3n como muy tarde el d\u00eda:<\/label><br \/>\n<span class=\"wpcf7-form-control-wrap\" data-name=\"fecha-limite\"><input class=\"wpcf7-form-control wpcf7-date wpcf7-validates-as-date\" aria-invalid=\"false\" value=\"\" type=\"date\" name=\"fecha-limite\" \/><\/span>\n<\/p>\n<p><label>Otras opciones:<\/label><br \/>\n<span class=\"wpcf7-form-control-wrap\" data-name=\"opciones\"><span class=\"wpcf7-form-control wpcf7-checkbox\"><span class=\"wpcf7-list-item first\"><label><input type=\"checkbox\" name=\"opciones[]\" value=\"Solo versi\u00f3n con firma digital\" \/><span class=\"wpcf7-list-item-label\">Solo versi\u00f3n con firma digital<\/span><\/label><\/span><span class=\"wpcf7-list-item\"><label><input type=\"checkbox\" name=\"opciones[]\" value=\"Digital &amp; en papel\" \/><span class=\"wpcf7-list-item-label\">Digital &amp; en papel<\/span><\/label><\/span><span class=\"wpcf7-list-item\"><label><input type=\"checkbox\" name=\"opciones[]\" value=\"Solamente en papel\" \/><span class=\"wpcf7-list-item-label\">Solamente en papel<\/span><\/label><\/span><span class=\"wpcf7-list-item\"><label><input type=\"checkbox\" name=\"opciones[]\" value=\"Env\u00edo postal al extranjero (fuera de Alemania)\" \/><span class=\"wpcf7-list-item-label\">Env\u00edo postal al extranjero (fuera de Alemania)<\/span><\/label><\/span><span class=\"wpcf7-list-item last\"><label><input type=\"checkbox\" name=\"opciones[]\" value=\"Necesito un ejemplar adicional de cada traducci\u00f3n\" \/><span class=\"wpcf7-list-item-label\">Necesito un ejemplar adicional de cada traducci\u00f3n<\/span><\/label><\/span><\/span><\/span>\n<\/p>\n<p><span class=\"wpcf7-form-control-wrap\" data-name=\"acceptance-8\"><span class=\"wpcf7-form-control wpcf7-acceptance\"><span class=\"wpcf7-list-item\"><input type=\"checkbox\" name=\"acceptance-8\" value=\"1\" aria-invalid=\"false\" \/><\/span><\/span><\/span><a href=\"\/es\/proteccion-de-datos\/\" target=\"_blank\" rel=\"noreferrer noopener\" aria-label=\"Protecci\u00f3n de datos (se abre en una nueva pesta\u00f1a)\">He le\u00eddo la declaraci\u00f3n de protecci\u00f3n de datos y la informaci\u00f3n sobre el tratamiento de mis datos personales y acepto.<\/a>\n<\/p>\n<p>Si contacta conmigo a trav\u00e9s del formulario de contacto, por favor compruebe tambi\u00e9n la carpeta spam de su cuenta de correo.\n<\/p>\n<p><span id=\"wpcf7-69ef9f2d2bd69-wrapper\" class=\"wpcf7-form-control-wrap proteccion-wrap\" ><input type=\"hidden\" name=\"proteccion-time-start\" value=\"1777311533\"><input type=\"hidden\" name=\"proteccion-time-check\" value=\"3\"><input id=\"wpcf7-69ef9f2d2bd69-field\"  class=\"wpcf7-form-control wpcf7-text\" type=\"text\" name=\"proteccion\" value=\"\" size=\"40\" tabindex=\"-1\" autocomplete=\"off\" \/><\/span>\n<\/p>\n<p><input class=\"wpcf7-form-control wpcf7-submit has-spinner wp-block-button__link has-text-color wp-element-button\" type=\"submit\" value=\"Enviar\" \/>\n<\/p><p style=\"display: none !important;\" class=\"akismet-fields-container\" data-prefix=\"_wpcf7_ak_\"><label>&#916;<textarea name=\"_wpcf7_ak_hp_textarea\" cols=\"45\" rows=\"8\" maxlength=\"100\"><\/textarea><\/label><input type=\"hidden\" id=\"ak_js_1\" name=\"_wpcf7_ak_js\" value=\"89\"\/><script type=\"text\/javascript\">\n\/* <![CDATA[ *\/\ndocument.getElementById( \"ak_js_1\" ).setAttribute( \"value\", ( new Date() ).getTime() );\n\/* ]]> *\/\n<\/script>\n<\/p><div class=\"wpcf7-response-output\" aria-hidden=\"true\"><\/div>\n<\/form>\n<\/div>\n<\/div>\n","protected":false},"excerpt":{"rendered":"<p>Todo sobre la traducci\u00f3n jurada del espa\u00f1ol al alem\u00e1n de los extractos del Registro Mercantil y la traducci\u00f3n oficial de los Handelsregisterausz\u00fcge del alem\u00e1n al espa\u00f1ol. <\/p>\n","protected":false},"author":1,"featured_media":10840,"comment_status":"closed","ping_status":"closed","sticky":false,"template":"","format":"standard","meta":{"footnotes":""},"categories":[6,87,8],"tags":[],"class_list":["post-18475","post","type-post","status-publish","format-standard","has-post-thumbnail","hentry","category-traduccion-jurada","category-traduccion-jurada-aleman-para-empresas","category-traduccion-oficial"],"yoast_head":"<!-- This site is optimized with the Yoast SEO plugin v27.4 - https:\/\/yoast.com\/product\/yoast-seo-wordpress\/ -->\n<title>Traducci\u00f3n de extractos del registro mercantil espa\u00f1ol &lt;&gt; alem\u00e1n - Sarah Schneider Sprachdienste - Servicios Ling\u00fc\u00edsticos<\/title>\n<meta name=\"description\" content=\"\u00bfNecesita una traducci\u00f3n jurada al alem\u00e1n de un extracto del Registro Mercantil de su empresa? Podemos ayudarle.\" \/>\n<meta name=\"robots\" content=\"index, follow, max-snippet:-1, max-image-preview:large, max-video-preview:-1\" \/>\n<link rel=\"canonical\" href=\"https:\/\/sarah-schneider-sprachdienste.de\/es\/traduccion-jurada-registro-mercantil\/\" \/>\n<meta property=\"og:locale\" content=\"es_ES\" \/>\n<meta property=\"og:type\" content=\"article\" \/>\n<meta property=\"og:title\" content=\"Traducci\u00f3n de extractos del registro mercantil espa\u00f1ol &lt;&gt; alem\u00e1n - Sarah Schneider Sprachdienste - Servicios Ling\u00fc\u00edsticos\" \/>\n<meta property=\"og:description\" content=\"\u00bfNecesita una traducci\u00f3n jurada al alem\u00e1n de un extracto del Registro Mercantil de su empresa? Podemos ayudarle.\" \/>\n<meta property=\"og:url\" content=\"https:\/\/sarah-schneider-sprachdienste.de\/es\/traduccion-jurada-registro-mercantil\/\" \/>\n<meta property=\"og:site_name\" content=\"Sarah Schneider Sprachdienste - Servicios Ling\u00fc\u00edsticos\" \/>\n<meta property=\"article:published_time\" content=\"2023-05-28T12:49:33+00:00\" \/>\n<meta property=\"article:modified_time\" content=\"2023-05-28T12:49:36+00:00\" \/>\n<meta property=\"og:image\" content=\"https:\/\/sarah-schneider-sprachdienste.de\/wp-content\/uploads\/HR-Auszug.png\" \/>\n\t<meta property=\"og:image:width\" content=\"1487\" \/>\n\t<meta property=\"og:image:height\" content=\"453\" \/>\n\t<meta property=\"og:image:type\" content=\"image\/png\" \/>\n<meta name=\"author\" content=\"Sarah Schneider, M.A., erm\u00e4chtigte \u00dcbersetzerin f\u00fcr die spanische Sprache\" \/>\n<meta name=\"twitter:card\" content=\"summary_large_image\" \/>\n<meta name=\"twitter:label1\" content=\"Escrito por\" \/>\n\t<meta name=\"twitter:data1\" content=\"Sarah Schneider, M.A., erm\u00e4chtigte \u00dcbersetzerin f\u00fcr die spanische Sprache\" \/>\n\t<meta name=\"twitter:label2\" content=\"Tiempo de lectura\" \/>\n\t<meta name=\"twitter:data2\" content=\"3 minutos\" \/>\n<script type=\"application\/ld+json\" class=\"yoast-schema-graph\">{\"@context\":\"https:\\\/\\\/schema.org\",\"@graph\":[{\"@type\":\"Article\",\"@id\":\"https:\\\/\\\/sarah-schneider-sprachdienste.de\\\/es\\\/traduccion-jurada-registro-mercantil\\\/#article\",\"isPartOf\":{\"@id\":\"https:\\\/\\\/sarah-schneider-sprachdienste.de\\\/es\\\/traduccion-jurada-registro-mercantil\\\/\"},\"author\":{\"name\":\"Sarah Schneider, M.A., erm\u00e4chtigte \u00dcbersetzerin f\u00fcr die spanische Sprache\",\"@id\":\"https:\\\/\\\/sarah-schneider-sprachdienste.de\\\/es\\\/#\\\/schema\\\/person\\\/3574b8852bc10be824ce67f91f973c94\"},\"headline\":\"Traducci\u00f3n de extractos del registro mercantil espa\u00f1ol &lt;> alem\u00e1n\",\"datePublished\":\"2023-05-28T12:49:33+00:00\",\"dateModified\":\"2023-05-28T12:49:36+00:00\",\"mainEntityOfPage\":{\"@id\":\"https:\\\/\\\/sarah-schneider-sprachdienste.de\\\/es\\\/traduccion-jurada-registro-mercantil\\\/\"},\"wordCount\":521,\"publisher\":{\"@id\":\"https:\\\/\\\/sarah-schneider-sprachdienste.de\\\/es\\\/#organization\"},\"image\":{\"@id\":\"https:\\\/\\\/sarah-schneider-sprachdienste.de\\\/es\\\/traduccion-jurada-registro-mercantil\\\/#primaryimage\"},\"thumbnailUrl\":\"https:\\\/\\\/sarah-schneider-sprachdienste.de\\\/wp-content\\\/uploads\\\/HR-Auszug.png\",\"articleSection\":[\"Traducci\u00f3n jurada\",\"Traducci\u00f3n jurada alem\u00e1n para empresas\",\"Traducci\u00f3n oficial\"],\"inLanguage\":\"es\"},{\"@type\":\"WebPage\",\"@id\":\"https:\\\/\\\/sarah-schneider-sprachdienste.de\\\/es\\\/traduccion-jurada-registro-mercantil\\\/\",\"url\":\"https:\\\/\\\/sarah-schneider-sprachdienste.de\\\/es\\\/traduccion-jurada-registro-mercantil\\\/\",\"name\":\"Traducci\u00f3n de extractos del registro mercantil espa\u00f1ol &lt;> alem\u00e1n - Sarah Schneider Sprachdienste - Servicios Ling\u00fc\u00edsticos\",\"isPartOf\":{\"@id\":\"https:\\\/\\\/sarah-schneider-sprachdienste.de\\\/es\\\/#website\"},\"primaryImageOfPage\":{\"@id\":\"https:\\\/\\\/sarah-schneider-sprachdienste.de\\\/es\\\/traduccion-jurada-registro-mercantil\\\/#primaryimage\"},\"image\":{\"@id\":\"https:\\\/\\\/sarah-schneider-sprachdienste.de\\\/es\\\/traduccion-jurada-registro-mercantil\\\/#primaryimage\"},\"thumbnailUrl\":\"https:\\\/\\\/sarah-schneider-sprachdienste.de\\\/wp-content\\\/uploads\\\/HR-Auszug.png\",\"datePublished\":\"2023-05-28T12:49:33+00:00\",\"dateModified\":\"2023-05-28T12:49:36+00:00\",\"description\":\"\u00bfNecesita una traducci\u00f3n jurada al alem\u00e1n de un extracto del Registro Mercantil de su empresa? Podemos ayudarle.\",\"breadcrumb\":{\"@id\":\"https:\\\/\\\/sarah-schneider-sprachdienste.de\\\/es\\\/traduccion-jurada-registro-mercantil\\\/#breadcrumb\"},\"inLanguage\":\"es\",\"potentialAction\":[{\"@type\":\"ReadAction\",\"target\":[\"https:\\\/\\\/sarah-schneider-sprachdienste.de\\\/es\\\/traduccion-jurada-registro-mercantil\\\/\"]}]},{\"@type\":\"ImageObject\",\"inLanguage\":\"es\",\"@id\":\"https:\\\/\\\/sarah-schneider-sprachdienste.de\\\/es\\\/traduccion-jurada-registro-mercantil\\\/#primaryimage\",\"url\":\"https:\\\/\\\/sarah-schneider-sprachdienste.de\\\/wp-content\\\/uploads\\\/HR-Auszug.png\",\"contentUrl\":\"https:\\\/\\\/sarah-schneider-sprachdienste.de\\\/wp-content\\\/uploads\\\/HR-Auszug.png\",\"width\":1487,\"height\":453,\"caption\":\"Beglaubigte \u00dcbersetzungen von Handelsregisterausz\u00fcgen\"},{\"@type\":\"BreadcrumbList\",\"@id\":\"https:\\\/\\\/sarah-schneider-sprachdienste.de\\\/es\\\/traduccion-jurada-registro-mercantil\\\/#breadcrumb\",\"itemListElement\":[{\"@type\":\"ListItem\",\"position\":1,\"name\":\"Portada\",\"item\":\"https:\\\/\\\/sarah-schneider-sprachdienste.de\\\/es\\\/\"},{\"@type\":\"ListItem\",\"position\":2,\"name\":\"Traducci\u00f3n de extractos del registro mercantil espa\u00f1ol &lt;> alem\u00e1n\"}]},{\"@type\":\"WebSite\",\"@id\":\"https:\\\/\\\/sarah-schneider-sprachdienste.de\\\/es\\\/#website\",\"url\":\"https:\\\/\\\/sarah-schneider-sprachdienste.de\\\/es\\\/\",\"name\":\"Sarah Schneider Sprachdienste - Servicios Ling\u00fc\u00edsticos\",\"description\":\"\",\"publisher\":{\"@id\":\"https:\\\/\\\/sarah-schneider-sprachdienste.de\\\/es\\\/#organization\"},\"potentialAction\":[{\"@type\":\"SearchAction\",\"target\":{\"@type\":\"EntryPoint\",\"urlTemplate\":\"https:\\\/\\\/sarah-schneider-sprachdienste.de\\\/es\\\/?s={search_term_string}\"},\"query-input\":{\"@type\":\"PropertyValueSpecification\",\"valueRequired\":true,\"valueName\":\"search_term_string\"}}],\"inLanguage\":\"es\"},{\"@type\":\"Organization\",\"@id\":\"https:\\\/\\\/sarah-schneider-sprachdienste.de\\\/es\\\/#organization\",\"name\":\"Sarah Schneider Sprachdienste\",\"alternateName\":\"sprachdienste\",\"url\":\"https:\\\/\\\/sarah-schneider-sprachdienste.de\\\/es\\\/\",\"logo\":{\"@type\":\"ImageObject\",\"inLanguage\":\"es\",\"@id\":\"https:\\\/\\\/sarah-schneider-sprachdienste.de\\\/es\\\/#\\\/schema\\\/logo\\\/image\\\/\",\"url\":\"https:\\\/\\\/sarah-schneider-sprachdienste.de\\\/wp-content\\\/uploads\\\/logo-alem_C3_A1-optimizado.png\",\"contentUrl\":\"https:\\\/\\\/sarah-schneider-sprachdienste.de\\\/wp-content\\\/uploads\\\/logo-alem_C3_A1-optimizado.png\",\"width\":636,\"height\":244,\"caption\":\"Sarah Schneider Sprachdienste\"},\"image\":{\"@id\":\"https:\\\/\\\/sarah-schneider-sprachdienste.de\\\/es\\\/#\\\/schema\\\/logo\\\/image\\\/\"}},{\"@type\":\"Person\",\"@id\":\"https:\\\/\\\/sarah-schneider-sprachdienste.de\\\/es\\\/#\\\/schema\\\/person\\\/3574b8852bc10be824ce67f91f973c94\",\"name\":\"Sarah Schneider, M.A., erm\u00e4chtigte \u00dcbersetzerin f\u00fcr die spanische Sprache\",\"image\":{\"@type\":\"ImageObject\",\"inLanguage\":\"es\",\"@id\":\"https:\\\/\\\/secure.gravatar.com\\\/avatar\\\/0a4d97181d7039e5ef62d7e5f95f647b95dbec3d21f21bcc6765232192c12e09?s=96&d=mm&r=g\",\"url\":\"https:\\\/\\\/secure.gravatar.com\\\/avatar\\\/0a4d97181d7039e5ef62d7e5f95f647b95dbec3d21f21bcc6765232192c12e09?s=96&d=mm&r=g\",\"contentUrl\":\"https:\\\/\\\/secure.gravatar.com\\\/avatar\\\/0a4d97181d7039e5ef62d7e5f95f647b95dbec3d21f21bcc6765232192c12e09?s=96&d=mm&r=g\",\"caption\":\"Sarah Schneider, M.A., erm\u00e4chtigte \u00dcbersetzerin f\u00fcr die spanische Sprache\"},\"sameAs\":[\"https:\\\/\\\/sarah-schneider-sprachdienste.de\"],\"url\":\"https:\\\/\\\/sarah-schneider-sprachdienste.de\\\/es\\\/author\\\/sarahtarjetavirtual\\\/\"}]}<\/script>\n<!-- \/ Yoast SEO plugin. -->","yoast_head_json":{"title":"Traducci\u00f3n de extractos del registro mercantil espa\u00f1ol &lt;> alem\u00e1n - Sarah Schneider Sprachdienste - Servicios Ling\u00fc\u00edsticos","description":"\u00bfNecesita una traducci\u00f3n jurada al alem\u00e1n de un extracto del Registro Mercantil de su empresa? Podemos ayudarle.","robots":{"index":"index","follow":"follow","max-snippet":"max-snippet:-1","max-image-preview":"max-image-preview:large","max-video-preview":"max-video-preview:-1"},"canonical":"https:\/\/sarah-schneider-sprachdienste.de\/es\/traduccion-jurada-registro-mercantil\/","og_locale":"es_ES","og_type":"article","og_title":"Traducci\u00f3n de extractos del registro mercantil espa\u00f1ol &lt;> alem\u00e1n - Sarah Schneider Sprachdienste - Servicios Ling\u00fc\u00edsticos","og_description":"\u00bfNecesita una traducci\u00f3n jurada al alem\u00e1n de un extracto del Registro Mercantil de su empresa? Podemos ayudarle.","og_url":"https:\/\/sarah-schneider-sprachdienste.de\/es\/traduccion-jurada-registro-mercantil\/","og_site_name":"Sarah Schneider Sprachdienste - Servicios Ling\u00fc\u00edsticos","article_published_time":"2023-05-28T12:49:33+00:00","article_modified_time":"2023-05-28T12:49:36+00:00","og_image":[{"width":1487,"height":453,"url":"https:\/\/sarah-schneider-sprachdienste.de\/wp-content\/uploads\/HR-Auszug.png","type":"image\/png"}],"author":"Sarah Schneider, M.A., erm\u00e4chtigte \u00dcbersetzerin f\u00fcr die spanische Sprache","twitter_card":"summary_large_image","twitter_misc":{"Escrito por":"Sarah Schneider, M.A., erm\u00e4chtigte \u00dcbersetzerin f\u00fcr die spanische Sprache","Tiempo de lectura":"3 minutos"},"schema":{"@context":"https:\/\/schema.org","@graph":[{"@type":"Article","@id":"https:\/\/sarah-schneider-sprachdienste.de\/es\/traduccion-jurada-registro-mercantil\/#article","isPartOf":{"@id":"https:\/\/sarah-schneider-sprachdienste.de\/es\/traduccion-jurada-registro-mercantil\/"},"author":{"name":"Sarah Schneider, M.A., erm\u00e4chtigte \u00dcbersetzerin f\u00fcr die spanische Sprache","@id":"https:\/\/sarah-schneider-sprachdienste.de\/es\/#\/schema\/person\/3574b8852bc10be824ce67f91f973c94"},"headline":"Traducci\u00f3n de extractos del registro mercantil espa\u00f1ol &lt;> alem\u00e1n","datePublished":"2023-05-28T12:49:33+00:00","dateModified":"2023-05-28T12:49:36+00:00","mainEntityOfPage":{"@id":"https:\/\/sarah-schneider-sprachdienste.de\/es\/traduccion-jurada-registro-mercantil\/"},"wordCount":521,"publisher":{"@id":"https:\/\/sarah-schneider-sprachdienste.de\/es\/#organization"},"image":{"@id":"https:\/\/sarah-schneider-sprachdienste.de\/es\/traduccion-jurada-registro-mercantil\/#primaryimage"},"thumbnailUrl":"https:\/\/sarah-schneider-sprachdienste.de\/wp-content\/uploads\/HR-Auszug.png","articleSection":["Traducci\u00f3n jurada","Traducci\u00f3n jurada alem\u00e1n para empresas","Traducci\u00f3n oficial"],"inLanguage":"es"},{"@type":"WebPage","@id":"https:\/\/sarah-schneider-sprachdienste.de\/es\/traduccion-jurada-registro-mercantil\/","url":"https:\/\/sarah-schneider-sprachdienste.de\/es\/traduccion-jurada-registro-mercantil\/","name":"Traducci\u00f3n de extractos del registro mercantil espa\u00f1ol &lt;> alem\u00e1n - Sarah Schneider Sprachdienste - Servicios Ling\u00fc\u00edsticos","isPartOf":{"@id":"https:\/\/sarah-schneider-sprachdienste.de\/es\/#website"},"primaryImageOfPage":{"@id":"https:\/\/sarah-schneider-sprachdienste.de\/es\/traduccion-jurada-registro-mercantil\/#primaryimage"},"image":{"@id":"https:\/\/sarah-schneider-sprachdienste.de\/es\/traduccion-jurada-registro-mercantil\/#primaryimage"},"thumbnailUrl":"https:\/\/sarah-schneider-sprachdienste.de\/wp-content\/uploads\/HR-Auszug.png","datePublished":"2023-05-28T12:49:33+00:00","dateModified":"2023-05-28T12:49:36+00:00","description":"\u00bfNecesita una traducci\u00f3n jurada al alem\u00e1n de un extracto del Registro Mercantil de su empresa? Podemos ayudarle.","breadcrumb":{"@id":"https:\/\/sarah-schneider-sprachdienste.de\/es\/traduccion-jurada-registro-mercantil\/#breadcrumb"},"inLanguage":"es","potentialAction":[{"@type":"ReadAction","target":["https:\/\/sarah-schneider-sprachdienste.de\/es\/traduccion-jurada-registro-mercantil\/"]}]},{"@type":"ImageObject","inLanguage":"es","@id":"https:\/\/sarah-schneider-sprachdienste.de\/es\/traduccion-jurada-registro-mercantil\/#primaryimage","url":"https:\/\/sarah-schneider-sprachdienste.de\/wp-content\/uploads\/HR-Auszug.png","contentUrl":"https:\/\/sarah-schneider-sprachdienste.de\/wp-content\/uploads\/HR-Auszug.png","width":1487,"height":453,"caption":"Beglaubigte \u00dcbersetzungen von Handelsregisterausz\u00fcgen"},{"@type":"BreadcrumbList","@id":"https:\/\/sarah-schneider-sprachdienste.de\/es\/traduccion-jurada-registro-mercantil\/#breadcrumb","itemListElement":[{"@type":"ListItem","position":1,"name":"Portada","item":"https:\/\/sarah-schneider-sprachdienste.de\/es\/"},{"@type":"ListItem","position":2,"name":"Traducci\u00f3n de extractos del registro mercantil espa\u00f1ol &lt;> alem\u00e1n"}]},{"@type":"WebSite","@id":"https:\/\/sarah-schneider-sprachdienste.de\/es\/#website","url":"https:\/\/sarah-schneider-sprachdienste.de\/es\/","name":"Sarah Schneider Sprachdienste - Servicios Ling\u00fc\u00edsticos","description":"","publisher":{"@id":"https:\/\/sarah-schneider-sprachdienste.de\/es\/#organization"},"potentialAction":[{"@type":"SearchAction","target":{"@type":"EntryPoint","urlTemplate":"https:\/\/sarah-schneider-sprachdienste.de\/es\/?s={search_term_string}"},"query-input":{"@type":"PropertyValueSpecification","valueRequired":true,"valueName":"search_term_string"}}],"inLanguage":"es"},{"@type":"Organization","@id":"https:\/\/sarah-schneider-sprachdienste.de\/es\/#organization","name":"Sarah Schneider Sprachdienste","alternateName":"sprachdienste","url":"https:\/\/sarah-schneider-sprachdienste.de\/es\/","logo":{"@type":"ImageObject","inLanguage":"es","@id":"https:\/\/sarah-schneider-sprachdienste.de\/es\/#\/schema\/logo\/image\/","url":"https:\/\/sarah-schneider-sprachdienste.de\/wp-content\/uploads\/logo-alem_C3_A1-optimizado.png","contentUrl":"https:\/\/sarah-schneider-sprachdienste.de\/wp-content\/uploads\/logo-alem_C3_A1-optimizado.png","width":636,"height":244,"caption":"Sarah Schneider Sprachdienste"},"image":{"@id":"https:\/\/sarah-schneider-sprachdienste.de\/es\/#\/schema\/logo\/image\/"}},{"@type":"Person","@id":"https:\/\/sarah-schneider-sprachdienste.de\/es\/#\/schema\/person\/3574b8852bc10be824ce67f91f973c94","name":"Sarah Schneider, M.A., erm\u00e4chtigte \u00dcbersetzerin f\u00fcr die spanische Sprache","image":{"@type":"ImageObject","inLanguage":"es","@id":"https:\/\/secure.gravatar.com\/avatar\/0a4d97181d7039e5ef62d7e5f95f647b95dbec3d21f21bcc6765232192c12e09?s=96&d=mm&r=g","url":"https:\/\/secure.gravatar.com\/avatar\/0a4d97181d7039e5ef62d7e5f95f647b95dbec3d21f21bcc6765232192c12e09?s=96&d=mm&r=g","contentUrl":"https:\/\/secure.gravatar.com\/avatar\/0a4d97181d7039e5ef62d7e5f95f647b95dbec3d21f21bcc6765232192c12e09?s=96&d=mm&r=g","caption":"Sarah Schneider, M.A., erm\u00e4chtigte \u00dcbersetzerin f\u00fcr die spanische Sprache"},"sameAs":["https:\/\/sarah-schneider-sprachdienste.de"],"url":"https:\/\/sarah-schneider-sprachdienste.de\/es\/author\/sarahtarjetavirtual\/"}]}},"_links":{"self":[{"href":"https:\/\/sarah-schneider-sprachdienste.de\/es\/wp-json\/wp\/v2\/posts\/18475","targetHints":{"allow":["GET"]}}],"collection":[{"href":"https:\/\/sarah-schneider-sprachdienste.de\/es\/wp-json\/wp\/v2\/posts"}],"about":[{"href":"https:\/\/sarah-schneider-sprachdienste.de\/es\/wp-json\/wp\/v2\/types\/post"}],"author":[{"embeddable":true,"href":"https:\/\/sarah-schneider-sprachdienste.de\/es\/wp-json\/wp\/v2\/users\/1"}],"replies":[{"embeddable":true,"href":"https:\/\/sarah-schneider-sprachdienste.de\/es\/wp-json\/wp\/v2\/comments?post=18475"}],"version-history":[{"count":1,"href":"https:\/\/sarah-schneider-sprachdienste.de\/es\/wp-json\/wp\/v2\/posts\/18475\/revisions"}],"predecessor-version":[{"id":18476,"href":"https:\/\/sarah-schneider-sprachdienste.de\/es\/wp-json\/wp\/v2\/posts\/18475\/revisions\/18476"}],"wp:featuredmedia":[{"embeddable":true,"href":"https:\/\/sarah-schneider-sprachdienste.de\/es\/wp-json\/wp\/v2\/media\/10840"}],"wp:attachment":[{"href":"https:\/\/sarah-schneider-sprachdienste.de\/es\/wp-json\/wp\/v2\/media?parent=18475"}],"wp:term":[{"taxonomy":"category","embeddable":true,"href":"https:\/\/sarah-schneider-sprachdienste.de\/es\/wp-json\/wp\/v2\/categories?post=18475"},{"taxonomy":"post_tag","embeddable":true,"href":"https:\/\/sarah-schneider-sprachdienste.de\/es\/wp-json\/wp\/v2\/tags?post=18475"}],"curies":[{"name":"wp","href":"https:\/\/api.w.org\/{rel}","templated":true}]}}