{"id":27423,"date":"2025-06-16T10:36:36","date_gmt":"2025-06-16T10:36:36","guid":{"rendered":"https:\/\/sarah-schneider-sprachdienste.de\/?p=27423"},"modified":"2025-06-16T10:39:26","modified_gmt":"2025-06-16T10:39:26","slug":"traducciones-juradas-al-aleman-con-firma-electronica-cualificada","status":"publish","type":"post","link":"https:\/\/sarah-schneider-sprachdienste.de\/es\/traducciones-juradas-al-aleman-con-firma-electronica-cualificada\/","title":{"rendered":"Traducciones juradas al alem\u00e1n con firma electr\u00f3nica cualificada"},"content":{"rendered":"\n<h2 class=\"wp-block-heading\"><strong>Traducci\u00f3n jurada del espa\u00f1ol al alem\u00e1n con firma electr\u00f3nica cualificada (QES): r\u00e1pido, seguro y v\u00e1lido &#8211; en teor\u00eda<\/strong><\/h2>\n\n\n\n<p>Desde finales de 2022, ofrezco traducciones juradas del espa\u00f1ol al alem\u00e1n v\u00e1lidas con firma electr\u00f3nica cualificada (QES, por sus siglas en alem\u00e1n). Este innovador sistema permite recibir su <strong>traducci\u00f3n certificada<\/strong> c\u00f3modamente por correo electr\u00f3nico, sin necesidad de env\u00edos postales, p\u00e9rdidas de documentos o desplazamientos a la administraci\u00f3n. Sin embargo, la utilizaci\u00f3n de la <strong>traducci\u00f3n oficial<\/strong> con QES no es v\u00e1lida en todos los casos. En este art\u00edculo le explico qu\u00e9 es la QES, cu\u00e1ndo es aplicable y en qu\u00e9 casos las autoridades de Baja Sajonia la aceptan.<\/p>\n\n\n\n<h3 class=\"wp-block-heading\">\u00bfQu\u00e9 es la firma electr\u00f3nica cualificada (QES)?<\/h3>\n\n\n\n<p>La QES es un sistema de firma digital regulado por el Reglamento (UE) n\u00ba 910\/2014, que sustituye legalmente la firma manuscrita en los casos previstos por la normativa o acordados entre las partes. Solo puede ser emitida por proveedores de servicios de confianza cualificados, certificados oficialmente por las autoridades correspondientes.<\/p>\n\n\n\n<p>Mi tarjeta de firma ha sido emitida por D-Trust GmbH (Bundesdruckerei, casa de la moneda alemana), proveedor cualificado de confianza en Alemania. Adem\u00e1s, la firma contiene un atributo profesional validado por el Tribunal Superior Regional de Colonia (Oberlandesgericht K\u00f6ln), que acredita oficialmente mi condici\u00f3n de <strong>traductora habilitada <\/strong>para la combinaci\u00f3n de idiomas espa\u00f1ol-alem\u00e1n.<\/p>\n\n\n\n<p>Por tanto, cada traducci\u00f3n jurada electr\u00f3nica que emito, en teor\u00eda cuenta con plena validez jur\u00eddica en Alemania, dentro del marco de competencia permitido.<\/p>\n\n\n\n<h3 class=\"wp-block-heading\">\u00bfPara qu\u00e9 documentos es v\u00e1lida la traducci\u00f3n jurada con QES?<\/h3>\n\n\n\n<p>En principio, cualquier persona puede verificar la validez t\u00e9cnica de la firma utilizando el software gratuito <a href=\"https:\/\/www.adobe.com\/de\/acrobat\/pdf-reader.html?mv=search&amp;mv2=paidsearch&amp;sdid=SGDJMC8N&amp;ef_id=CjwKCAjwgb_CBhBMEiwA0p3oOCfOto9N-m_uknntgmDgKgtvdRnCLxx-2Qz2qOZyBQgmCMSXAOesNhoCaSEQAvD_BwE:G:s&amp;s_kwcid=AL!3085!3!680635884426!e!!g!!adobe%20acrobat%20reader!14035905057!130850026688&amp;gad_source=1&amp;gad_campaignid=14035905057&amp;gclid=CjwKCAjwgb_CBhBMEiwA0p3oOCfOto9N-m_uknntgmDgKgtvdRnCLxx-2Qz2qOZyBQgmCMSXAOesNhoCaSEQAvD_BwE\" target=\"_blank\" rel=\"noreferrer noopener\">Adobe Acrobat Reader<\/a>. No obstante, la validaci\u00f3n completa del atributo profesional requiere herramientas especializadas que, por norma general, las administraciones p\u00fablicas alemanas a\u00fan no poseen.<\/p>\n\n\n\n<p>Por eso, aunque muchos organismos oficiales en Alemania siguen exigiendo versiones en papel con firma manuscrita y sello, existen \u00e1mbitos donde la <strong>traducci\u00f3n jurada<\/strong> con QES ya es aceptada:<\/p>\n\n\n\n<ul class=\"wp-block-list\">\n<li>Universidades y centros educativos en procesos de admisi\u00f3n (Bachillerato, PAU, UniAssist, reconocimiento de t\u00edtulos, etc.).<\/li>\n\n\n\n<li>Empresas privadas en procesos de selecci\u00f3n de personal o solicitud de empleo.<\/li>\n\n\n\n<li>Aseguradoras (por ejemplo: historiales de siniestralidad, facturas m\u00e9dicas, seguros de salud, etc.).<\/li>\n\n\n\n<li>Empleadores alemanes que dispongan de software de validaci\u00f3n (bajas m\u00e9dicas, certificados laborales, n\u00f3minas extranjeras, etc.).<\/li>\n\n\n\n<li>Bancos alemanes en procesos de financiaci\u00f3n de inmuebles en Espa\u00f1a (hipotecas, compra de viviendas, verificaci\u00f3n de solvencia, etc.).<\/li>\n\n\n\n<li>En algunos casos, incluso las \u00abFinanz\u00e4mter\u00bb (agencias tributarias) pueden aceptar estas traducciones para la presentaci\u00f3n de declaraciones fiscales como el IRPF o los <strong>modelos fiscales<\/strong> espa\u00f1oles.<\/li>\n<\/ul>\n\n\n\n<p>No obstante, es importante tener en cuenta que para tr\u00e1mites ante el Registro Civil (matrimonios, nacimientos, divorcios) o ante las oficinas de empadronamiento (B\u00fcrgeramt) en Alemania, las traducciones con QES no suelen ser admitidas todav\u00eda.<\/p>\n\n\n\n<h3 class=\"wp-block-heading\">\u00bfEn qu\u00e9 casos le conviene elegir una traducci\u00f3n jurada con QES?<\/h3>\n\n\n\n<ul class=\"wp-block-list\">\n<li>Si tiene prisa: el proceso es considerablemente m\u00e1s r\u00e1pido que el env\u00edo postal.<\/li>\n\n\n\n<li>Si desea ahorrar costes de env\u00edo.<\/li>\n\n\n\n<li>Si el organismo destinatario acepta o requiere documentos electr\u00f3nicos.<\/li>\n\n\n\n<li>Si desea conservar su traducci\u00f3n en formato digital seguro.<\/li>\n<\/ul>\n\n\n\n<p>En caso de duda, siempre recomiendo consultar previamente con la autoridad competente.<\/p>\n\n\n\n<h3 class=\"wp-block-heading\">\u00bfPor qu\u00e9 tiene un coste adicional la QES?<\/h3>\n\n\n\n<p>Como <strong>perito-traductor jurado<\/strong> para la combinaci\u00f3n espa\u00f1ol \u21c4 alem\u00e1n, debo adquirir y mantener la infraestructura t\u00e9cnica necesaria: tarjeta de firma personal, lector de tarjetas, software de firma, as\u00ed como las renovaciones peri\u00f3dicas cada dos a\u00f1os. Por ello, aplico una tarifa de legalizaci\u00f3n digital, pero evito cobrar gastos de env\u00edo si el cliente opta exclusivamente por el formato electr\u00f3nico.<\/p>\n\n\n\n<p>Si desea recibir tanto la versi\u00f3n en papel como la digital, simplemente se suman los gastos de env\u00edo.<\/p>\n\n\n\n<h3 class=\"wp-block-heading\">\u00bfC\u00f3mo solicitar un presupuesto para una traducci\u00f3n jurada con QES?<\/h3>\n\n\n\n<p>Muy sencillo: env\u00edeme su documento escaneado en buena calidad a <strong><a>post@sarah-schneider.eu<\/a><\/strong>, indicando que desea la modalidad de <strong>traducci\u00f3n oficial<\/strong> con firma electr\u00f3nica cualificada. Especialmente en casos urgentes, este sistema resulta extremadamente pr\u00e1ctico.<\/p>\n\n\n\n<p>Como <strong>traductora jurada habilitada por el Tribunal Regional Superior de Colonia<\/strong>, le asesoro personalmente sobre los requisitos de aceptaci\u00f3n de las autoridades en toda Alemania, incluyendo Colonia, Berlin, Hamburgo, M\u00fanich, Fr\u00e1ncfort del Meno, D\u00fcsseldorf, Stuttgart, Leipzig, Hannover, Braunschweig, G\u00f6ttingen, Osnabr\u00fcck, M\u00fcnster, Oldenburg, Wolfsburg, Hildesheim y muchas otras localidades.<\/p>\n\n\n\n<div class=\"wp-block-contact-form-7-contact-form-selector\">\n<div class=\"wpcf7 no-js\" id=\"wpcf7-f160-o1\" lang=\"es-ES\" dir=\"ltr\" data-wpcf7-id=\"160\">\n<div class=\"screen-reader-response\"><p role=\"status\" aria-live=\"polite\" aria-atomic=\"true\"><\/p> <ul><\/ul><\/div>\n<form action=\"\/es\/wp-json\/wp\/v2\/posts\/27423#wpcf7-f160-o1\" method=\"post\" class=\"wpcf7-form init\" aria-label=\"Formulario de contacto\" enctype=\"multipart\/form-data\" novalidate=\"novalidate\" data-status=\"init\">\n<fieldset class=\"hidden-fields-container\"><input type=\"hidden\" name=\"_wpcf7\" value=\"160\" \/><input type=\"hidden\" name=\"_wpcf7_version\" value=\"6.1.5\" \/><input type=\"hidden\" name=\"_wpcf7_locale\" value=\"es_ES\" \/><input type=\"hidden\" name=\"_wpcf7_unit_tag\" value=\"wpcf7-f160-o1\" \/><input type=\"hidden\" name=\"_wpcf7_container_post\" value=\"0\" \/><input type=\"hidden\" name=\"_wpcf7_posted_data_hash\" value=\"\" \/><input type=\"hidden\" name=\"_wpcf7cf_hidden_group_fields\" value=\"[]\" \/><input type=\"hidden\" name=\"_wpcf7cf_hidden_groups\" value=\"[]\" \/><input type=\"hidden\" name=\"_wpcf7cf_visible_groups\" value=\"[]\" \/><input type=\"hidden\" name=\"_wpcf7cf_repeaters\" value=\"[]\" \/><input type=\"hidden\" name=\"_wpcf7cf_steps\" value=\"{}\" \/><input type=\"hidden\" name=\"_wpcf7cf_options\" value=\"{&quot;form_id&quot;:160,&quot;conditions&quot;:[{&quot;then_field&quot;:&quot;Opcion_esp&quot;,&quot;and_rules&quot;:[{&quot;if_field&quot;:&quot;idiomas&quot;,&quot;operator&quot;:&quot;equals&quot;,&quot;if_value&quot;:&quot;alem\\u00e1n &gt; espa\\u00f1ol&quot;}]}],&quot;settings&quot;:{&quot;animation&quot;:&quot;yes&quot;,&quot;animation_intime&quot;:200,&quot;animation_outtime&quot;:200,&quot;conditions_ui&quot;:&quot;normal&quot;,&quot;notice_dismissed&quot;:false,&quot;notice_dismissed_rollback-cf7-5.9.4&quot;:true}}\" \/>\n<\/fieldset>\n<p><label> Tu email (obligatorio)<\/label><br \/>\n<span class=\"wpcf7-form-control-wrap\" data-name=\"your-email\"><input size=\"40\" maxlength=\"400\" class=\"wpcf7-form-control wpcf7-email wpcf7-validates-as-required wpcf7-text wpcf7-validates-as-email half-cf7\" aria-required=\"true\" aria-invalid=\"false\" value=\"\" type=\"email\" name=\"your-email\" \/><\/span>\n<\/p>\n<p><label> Tu nombre (voluntario)<\/label><br \/>\n<span class=\"wpcf7-form-control-wrap\" data-name=\"your-name\"><input size=\"40\" maxlength=\"400\" class=\"wpcf7-form-control wpcf7-text wpcf7-validates-as-required\" aria-required=\"true\" aria-invalid=\"false\" value=\"\" type=\"text\" name=\"your-name\" \/><\/span>\n<\/p>\n<p><label> Tu mensaje<\/label><br \/>\n<span class=\"wpcf7-form-control-wrap\" data-name=\"your-message\"><textarea cols=\"40\" rows=\"10\" maxlength=\"2000\" class=\"wpcf7-form-control wpcf7-textarea\" aria-invalid=\"false\" name=\"your-message\"><\/textarea><\/span>\n<\/p>\n<p><label>Adjuntar documento a traducir para obtener presupuesto:<\/label><br \/>\n<label>Tama\u00f1o m\u00e1ximo del documento 23mb. Si el documento es mas grande env\u00edelo directo al email: post@sarah-schneider.eu<br \/>\nGu\u00eda para escanear <a href=\"https:\/\/sarah-schneider-sprachdienste.de\/es\/guia-para-escanear-documentos-para-su-traduccion-jurada\/\" target=\"_blank\"> documentos para traducciones juradas.<\/a><\/label><br \/>\n<div id=\"mfcf7_zl_multifilecontainer\"><span class=\"mfcf7-zl-multiline-sample\" style=\"display:none\"><p class=\"wpcf7-form-control-wrap files\"><input size=\"40\" class=\"wpcf7-form-control wpcf7-multilinefile wpcf7-validates-as-required\" multiple=\"multiple\" value=\"Subir archivos\" aria-required=\"true\" aria-invalid=\"false\" type=\"file\" name=\"files[]\" \/> <span class=\"mfcf7-zl-multifile-name\"><\/span><a href=\"javascript:void(0);\" class=\"mfcf7_zl_delete_file\"><span class=\"delete-file\" aria-hidden=\"true\">&#x274C;<\/span><\/a><\/p><\/span><\/div><span class=\"wpcf7-form-control-wrap zl-form-control-wrap files\"><input size=\"40\" class=\"wpcf7-form-control wpcf7-multilinefile wpcf7-validates-as-required\" multiple=\"multiple\" value=\"Subir archivos\" aria-required=\"true\" aria-invalid=\"false\" type=\"file\" name=\"files[]\" \/> <span class=\"mfcf7-zl-multifile-name\"><\/span><a href=\"javascript:void(0);\" class=\"mfcf7_zl_delete_file\"><span class=\"delete-file\" aria-hidden=\"true\">&#x274C;<\/span><\/a><\/span><p><label><span class=\"wpcf7-form-control-wrap\" data-name=\"files-zl-mfcf7-upld-btn\"><input type=\"button\" name=\"files-zl-mfcf7-upld-btn\" class=\"button button-primary qbutton\" id=\"mfcf7_zl_add_file\" value=\"Subir archivos\"><\/span><\/label><\/p>\n<\/p>\n<p><label>Tipo de traducci\u00f3n:<\/label><br \/>\n<span class=\"wpcf7-form-control-wrap\" data-name=\"tipo-traduccion\"><select class=\"wpcf7-form-control wpcf7-select wpcf7-validates-as-required\" aria-required=\"true\" aria-invalid=\"false\" name=\"tipo-traduccion\"><option value=\"Traducci\u00f3n jurada\">Traducci\u00f3n jurada<\/option><option value=\"Traducci\u00f3n simple\">Traducci\u00f3n simple<\/option><\/select><\/span>\n<\/p>\n<p><label>Combinaci\u00f3n de idiomas:<\/label><br \/>\n<span class=\"wpcf7-form-control-wrap\" data-name=\"idiomas\"><select class=\"wpcf7-form-control wpcf7-select wpcf7-validates-as-required\" aria-required=\"true\" aria-invalid=\"false\" name=\"idiomas\"><option value=\"espa\u00f1ol &gt; alem\u00e1n\">espa\u00f1ol &gt; alem\u00e1n<\/option><option value=\"alem\u00e1n &gt; espa\u00f1ol\">alem\u00e1n &gt; espa\u00f1ol<\/option><\/select><\/span>\n<\/p>\n<div data-id=\"Opcion_esp\" data-orig_data_id=\"Opcion_esp\" data-clear_on_hide class=\"\" data-class=\"wpcf7cf_group\">\n\t<p><label> Pa\u00eds:<\/label><br \/>\n<span class=\"wpcf7-form-control-wrap\" data-name=\"pais\"><select class=\"wpcf7-form-control wpcf7-select\" aria-invalid=\"false\" name=\"pais\"><option value=\"No Seleccionado\">No Seleccionado<\/option><option value=\"Espa\u00f1a\">Espa\u00f1a<\/option><option value=\"Rep\u00fablica Dominicana o Cuba\">Rep\u00fablica Dominicana o Cuba<\/option><option value=\"Otros pa\u00edses en Latinoam\u00e9rica\">Otros pa\u00edses en Latinoam\u00e9rica<\/option><\/select><\/span>\n\t<\/p>\n<\/div>\n<p><label>Necesito la traducci\u00f3n como muy tarde el d\u00eda:<\/label><br \/>\n<span class=\"wpcf7-form-control-wrap\" data-name=\"fecha-limite\"><input class=\"wpcf7-form-control wpcf7-date wpcf7-validates-as-date\" aria-invalid=\"false\" value=\"\" type=\"date\" name=\"fecha-limite\" \/><\/span>\n<\/p>\n<p><label>Otras opciones:<\/label><br \/>\n<span class=\"wpcf7-form-control-wrap\" data-name=\"opciones\"><span class=\"wpcf7-form-control wpcf7-checkbox\"><span class=\"wpcf7-list-item first\"><label><input type=\"checkbox\" name=\"opciones[]\" value=\"Solo versi\u00f3n con firma digital\" \/><span class=\"wpcf7-list-item-label\">Solo versi\u00f3n con firma digital<\/span><\/label><\/span><span class=\"wpcf7-list-item\"><label><input type=\"checkbox\" name=\"opciones[]\" value=\"Digital &amp; en papel\" \/><span class=\"wpcf7-list-item-label\">Digital &amp; en papel<\/span><\/label><\/span><span class=\"wpcf7-list-item\"><label><input type=\"checkbox\" name=\"opciones[]\" value=\"Solamente en papel\" \/><span class=\"wpcf7-list-item-label\">Solamente en papel<\/span><\/label><\/span><span class=\"wpcf7-list-item\"><label><input type=\"checkbox\" name=\"opciones[]\" value=\"Env\u00edo postal al extranjero (fuera de Alemania)\" \/><span class=\"wpcf7-list-item-label\">Env\u00edo postal al extranjero (fuera de Alemania)<\/span><\/label><\/span><span class=\"wpcf7-list-item last\"><label><input type=\"checkbox\" name=\"opciones[]\" value=\"Necesito un ejemplar adicional de cada traducci\u00f3n\" \/><span class=\"wpcf7-list-item-label\">Necesito un ejemplar adicional de cada traducci\u00f3n<\/span><\/label><\/span><\/span><\/span>\n<\/p>\n<p><span class=\"wpcf7-form-control-wrap\" data-name=\"acceptance-8\"><span class=\"wpcf7-form-control wpcf7-acceptance\"><span class=\"wpcf7-list-item\"><input type=\"checkbox\" name=\"acceptance-8\" value=\"1\" aria-invalid=\"false\" \/><\/span><\/span><\/span><a href=\"\/es\/proteccion-de-datos\/\" target=\"_blank\" rel=\"noreferrer noopener\" aria-label=\"Protecci\u00f3n de datos (se abre en una nueva pesta\u00f1a)\">He le\u00eddo la declaraci\u00f3n de protecci\u00f3n de datos y la informaci\u00f3n sobre el tratamiento de mis datos personales y acepto.<\/a>\n<\/p>\n<p>Si contacta conmigo a trav\u00e9s del formulario de contacto, por favor compruebe tambi\u00e9n la carpeta spam de su cuenta de correo.\n<\/p>\n<p><span id=\"wpcf7-69efa09bf0f62-wrapper\" class=\"wpcf7-form-control-wrap proteccion-wrap\" ><input type=\"hidden\" name=\"proteccion-time-start\" value=\"1777311899\"><input type=\"hidden\" name=\"proteccion-time-check\" value=\"3\"><input id=\"wpcf7-69efa09bf0f62-field\"  class=\"wpcf7-form-control wpcf7-text\" type=\"text\" name=\"proteccion\" value=\"\" size=\"40\" tabindex=\"-1\" autocomplete=\"off\" \/><\/span>\n<\/p>\n<p><input class=\"wpcf7-form-control wpcf7-submit has-spinner wp-block-button__link has-text-color wp-element-button\" type=\"submit\" value=\"Enviar\" \/>\n<\/p><p style=\"display: none !important;\" class=\"akismet-fields-container\" data-prefix=\"_wpcf7_ak_\"><label>&#916;<textarea name=\"_wpcf7_ak_hp_textarea\" cols=\"45\" rows=\"8\" maxlength=\"100\"><\/textarea><\/label><input type=\"hidden\" id=\"ak_js_1\" name=\"_wpcf7_ak_js\" value=\"200\"\/><script type=\"text\/javascript\">\n\/* <![CDATA[ *\/\ndocument.getElementById( \"ak_js_1\" ).setAttribute( \"value\", ( new Date() ).getTime() );\n\/* ]]> *\/\n<\/script>\n<\/p><div class=\"wpcf7-response-output\" aria-hidden=\"true\"><\/div>\n<\/form>\n<\/div>\n<\/div>\n\n\n\n<p><\/p>\n","protected":false},"excerpt":{"rendered":"<p>\u00bfNecesitas una traducci\u00f3n jurada del espa\u00f1ol al alem\u00e1n v\u00e1lida en Alemania? Como traductora habilitada por el Tribunal Regional Superior de Colonia, ofrezco traducciones oficiales con firma electr\u00f3nica cualificada (QES). M\u00e1s r\u00e1pido, seguro y sin env\u00edos postales. Solicite su presupuesto sin compromiso.<\/p>\n","protected":false},"author":1,"featured_media":9884,"comment_status":"closed","ping_status":"closed","sticky":false,"template":"","format":"standard","meta":{"footnotes":""},"categories":[8],"tags":[],"class_list":["post-27423","post","type-post","status-publish","format-standard","has-post-thumbnail","hentry","category-traduccion-oficial"],"yoast_head":"<!-- This site is optimized with the Yoast SEO plugin v27.4 - https:\/\/yoast.com\/product\/yoast-seo-wordpress\/ -->\n<title>Traducciones juradas al alem\u00e1n con firma electr\u00f3nica cualificada - Sarah Schneider Sprachdienste - Servicios Ling\u00fc\u00edsticos<\/title>\n<meta name=\"description\" content=\"Traducci\u00f3n jurada espa\u00f1ol-alem\u00e1n en Baja Sajonia con firma electr\u00f3nica cualificada (QES). Traductora jurada autorizada por el Tribunal Regional de Hannover. M\u00e1s r\u00e1pido, seguro y legal.\" \/>\n<meta name=\"robots\" content=\"index, follow, max-snippet:-1, max-image-preview:large, max-video-preview:-1\" \/>\n<link rel=\"canonical\" href=\"https:\/\/sarah-schneider-sprachdienste.de\/es\/traducciones-juradas-al-aleman-con-firma-electronica-cualificada\/\" \/>\n<meta property=\"og:locale\" content=\"es_ES\" \/>\n<meta property=\"og:type\" content=\"article\" \/>\n<meta property=\"og:title\" content=\"Traducciones juradas al alem\u00e1n con firma electr\u00f3nica cualificada - Sarah Schneider Sprachdienste - Servicios Ling\u00fc\u00edsticos\" \/>\n<meta property=\"og:description\" content=\"Traducci\u00f3n jurada espa\u00f1ol-alem\u00e1n en Baja Sajonia con firma electr\u00f3nica cualificada (QES). Traductora jurada autorizada por el Tribunal Regional de Hannover. M\u00e1s r\u00e1pido, seguro y legal.\" \/>\n<meta property=\"og:url\" content=\"https:\/\/sarah-schneider-sprachdienste.de\/es\/traducciones-juradas-al-aleman-con-firma-electronica-cualificada\/\" \/>\n<meta property=\"og:site_name\" content=\"Sarah Schneider Sprachdienste - Servicios Ling\u00fc\u00edsticos\" \/>\n<meta property=\"article:published_time\" content=\"2025-06-16T10:36:36+00:00\" \/>\n<meta property=\"article:modified_time\" content=\"2025-06-16T10:39:26+00:00\" \/>\n<meta property=\"og:image\" content=\"https:\/\/sarah-schneider-sprachdienste.de\/wp-content\/uploads\/eidas-certificado-es.png\" \/>\n\t<meta property=\"og:image:width\" content=\"521\" \/>\n\t<meta property=\"og:image:height\" content=\"315\" \/>\n\t<meta property=\"og:image:type\" content=\"image\/png\" \/>\n<meta name=\"author\" content=\"Sarah Schneider, M.A., erm\u00e4chtigte \u00dcbersetzerin f\u00fcr die spanische Sprache\" \/>\n<meta name=\"twitter:card\" content=\"summary_large_image\" \/>\n<meta name=\"twitter:label1\" content=\"Escrito por\" \/>\n\t<meta name=\"twitter:data1\" content=\"Sarah Schneider, M.A., erm\u00e4chtigte \u00dcbersetzerin f\u00fcr die spanische Sprache\" \/>\n\t<meta name=\"twitter:label2\" content=\"Tiempo de lectura\" \/>\n\t<meta name=\"twitter:data2\" content=\"5 minutos\" \/>\n<script type=\"application\/ld+json\" class=\"yoast-schema-graph\">{\"@context\":\"https:\\\/\\\/schema.org\",\"@graph\":[{\"@type\":\"Article\",\"@id\":\"https:\\\/\\\/sarah-schneider-sprachdienste.de\\\/es\\\/traducciones-juradas-al-aleman-con-firma-electronica-cualificada\\\/#article\",\"isPartOf\":{\"@id\":\"https:\\\/\\\/sarah-schneider-sprachdienste.de\\\/es\\\/traducciones-juradas-al-aleman-con-firma-electronica-cualificada\\\/\"},\"author\":{\"name\":\"Sarah Schneider, M.A., erm\u00e4chtigte \u00dcbersetzerin f\u00fcr die spanische Sprache\",\"@id\":\"https:\\\/\\\/sarah-schneider-sprachdienste.de\\\/es\\\/#\\\/schema\\\/person\\\/3574b8852bc10be824ce67f91f973c94\"},\"headline\":\"Traducciones juradas al alem\u00e1n con firma electr\u00f3nica cualificada\",\"datePublished\":\"2025-06-16T10:36:36+00:00\",\"dateModified\":\"2025-06-16T10:39:26+00:00\",\"mainEntityOfPage\":{\"@id\":\"https:\\\/\\\/sarah-schneider-sprachdienste.de\\\/es\\\/traducciones-juradas-al-aleman-con-firma-electronica-cualificada\\\/\"},\"wordCount\":792,\"publisher\":{\"@id\":\"https:\\\/\\\/sarah-schneider-sprachdienste.de\\\/es\\\/#organization\"},\"image\":{\"@id\":\"https:\\\/\\\/sarah-schneider-sprachdienste.de\\\/es\\\/traducciones-juradas-al-aleman-con-firma-electronica-cualificada\\\/#primaryimage\"},\"thumbnailUrl\":\"https:\\\/\\\/sarah-schneider-sprachdienste.de\\\/wp-content\\\/uploads\\\/eidas-certificado-es.png\",\"articleSection\":[\"Traducci\u00f3n oficial\"],\"inLanguage\":\"es\"},{\"@type\":\"WebPage\",\"@id\":\"https:\\\/\\\/sarah-schneider-sprachdienste.de\\\/es\\\/traducciones-juradas-al-aleman-con-firma-electronica-cualificada\\\/\",\"url\":\"https:\\\/\\\/sarah-schneider-sprachdienste.de\\\/es\\\/traducciones-juradas-al-aleman-con-firma-electronica-cualificada\\\/\",\"name\":\"Traducciones juradas al alem\u00e1n con firma electr\u00f3nica cualificada - Sarah Schneider Sprachdienste - Servicios Ling\u00fc\u00edsticos\",\"isPartOf\":{\"@id\":\"https:\\\/\\\/sarah-schneider-sprachdienste.de\\\/es\\\/#website\"},\"primaryImageOfPage\":{\"@id\":\"https:\\\/\\\/sarah-schneider-sprachdienste.de\\\/es\\\/traducciones-juradas-al-aleman-con-firma-electronica-cualificada\\\/#primaryimage\"},\"image\":{\"@id\":\"https:\\\/\\\/sarah-schneider-sprachdienste.de\\\/es\\\/traducciones-juradas-al-aleman-con-firma-electronica-cualificada\\\/#primaryimage\"},\"thumbnailUrl\":\"https:\\\/\\\/sarah-schneider-sprachdienste.de\\\/wp-content\\\/uploads\\\/eidas-certificado-es.png\",\"datePublished\":\"2025-06-16T10:36:36+00:00\",\"dateModified\":\"2025-06-16T10:39:26+00:00\",\"description\":\"Traducci\u00f3n jurada espa\u00f1ol-alem\u00e1n en Baja Sajonia con firma electr\u00f3nica cualificada (QES). Traductora jurada autorizada por el Tribunal Regional de Hannover. M\u00e1s r\u00e1pido, seguro y legal.\",\"breadcrumb\":{\"@id\":\"https:\\\/\\\/sarah-schneider-sprachdienste.de\\\/es\\\/traducciones-juradas-al-aleman-con-firma-electronica-cualificada\\\/#breadcrumb\"},\"inLanguage\":\"es\",\"potentialAction\":[{\"@type\":\"ReadAction\",\"target\":[\"https:\\\/\\\/sarah-schneider-sprachdienste.de\\\/es\\\/traducciones-juradas-al-aleman-con-firma-electronica-cualificada\\\/\"]}]},{\"@type\":\"ImageObject\",\"inLanguage\":\"es\",\"@id\":\"https:\\\/\\\/sarah-schneider-sprachdienste.de\\\/es\\\/traducciones-juradas-al-aleman-con-firma-electronica-cualificada\\\/#primaryimage\",\"url\":\"https:\\\/\\\/sarah-schneider-sprachdienste.de\\\/wp-content\\\/uploads\\\/eidas-certificado-es.png\",\"contentUrl\":\"https:\\\/\\\/sarah-schneider-sprachdienste.de\\\/wp-content\\\/uploads\\\/eidas-certificado-es.png\",\"width\":521,\"height\":315,\"caption\":\"firma electr\u00f3nica cualificada\"},{\"@type\":\"BreadcrumbList\",\"@id\":\"https:\\\/\\\/sarah-schneider-sprachdienste.de\\\/es\\\/traducciones-juradas-al-aleman-con-firma-electronica-cualificada\\\/#breadcrumb\",\"itemListElement\":[{\"@type\":\"ListItem\",\"position\":1,\"name\":\"Portada\",\"item\":\"https:\\\/\\\/sarah-schneider-sprachdienste.de\\\/es\\\/\"},{\"@type\":\"ListItem\",\"position\":2,\"name\":\"Traducciones juradas al alem\u00e1n con firma electr\u00f3nica cualificada\"}]},{\"@type\":\"WebSite\",\"@id\":\"https:\\\/\\\/sarah-schneider-sprachdienste.de\\\/es\\\/#website\",\"url\":\"https:\\\/\\\/sarah-schneider-sprachdienste.de\\\/es\\\/\",\"name\":\"Sarah Schneider Sprachdienste - Servicios Ling\u00fc\u00edsticos\",\"description\":\"\",\"publisher\":{\"@id\":\"https:\\\/\\\/sarah-schneider-sprachdienste.de\\\/es\\\/#organization\"},\"potentialAction\":[{\"@type\":\"SearchAction\",\"target\":{\"@type\":\"EntryPoint\",\"urlTemplate\":\"https:\\\/\\\/sarah-schneider-sprachdienste.de\\\/es\\\/?s={search_term_string}\"},\"query-input\":{\"@type\":\"PropertyValueSpecification\",\"valueRequired\":true,\"valueName\":\"search_term_string\"}}],\"inLanguage\":\"es\"},{\"@type\":\"Organization\",\"@id\":\"https:\\\/\\\/sarah-schneider-sprachdienste.de\\\/es\\\/#organization\",\"name\":\"Sarah Schneider Sprachdienste\",\"alternateName\":\"sprachdienste\",\"url\":\"https:\\\/\\\/sarah-schneider-sprachdienste.de\\\/es\\\/\",\"logo\":{\"@type\":\"ImageObject\",\"inLanguage\":\"es\",\"@id\":\"https:\\\/\\\/sarah-schneider-sprachdienste.de\\\/es\\\/#\\\/schema\\\/logo\\\/image\\\/\",\"url\":\"https:\\\/\\\/sarah-schneider-sprachdienste.de\\\/wp-content\\\/uploads\\\/logo-alem_C3_A1-optimizado.png\",\"contentUrl\":\"https:\\\/\\\/sarah-schneider-sprachdienste.de\\\/wp-content\\\/uploads\\\/logo-alem_C3_A1-optimizado.png\",\"width\":636,\"height\":244,\"caption\":\"Sarah Schneider Sprachdienste\"},\"image\":{\"@id\":\"https:\\\/\\\/sarah-schneider-sprachdienste.de\\\/es\\\/#\\\/schema\\\/logo\\\/image\\\/\"}},{\"@type\":\"Person\",\"@id\":\"https:\\\/\\\/sarah-schneider-sprachdienste.de\\\/es\\\/#\\\/schema\\\/person\\\/3574b8852bc10be824ce67f91f973c94\",\"name\":\"Sarah Schneider, M.A., erm\u00e4chtigte \u00dcbersetzerin f\u00fcr die spanische Sprache\",\"image\":{\"@type\":\"ImageObject\",\"inLanguage\":\"es\",\"@id\":\"https:\\\/\\\/secure.gravatar.com\\\/avatar\\\/0a4d97181d7039e5ef62d7e5f95f647b95dbec3d21f21bcc6765232192c12e09?s=96&d=mm&r=g\",\"url\":\"https:\\\/\\\/secure.gravatar.com\\\/avatar\\\/0a4d97181d7039e5ef62d7e5f95f647b95dbec3d21f21bcc6765232192c12e09?s=96&d=mm&r=g\",\"contentUrl\":\"https:\\\/\\\/secure.gravatar.com\\\/avatar\\\/0a4d97181d7039e5ef62d7e5f95f647b95dbec3d21f21bcc6765232192c12e09?s=96&d=mm&r=g\",\"caption\":\"Sarah Schneider, M.A., erm\u00e4chtigte \u00dcbersetzerin f\u00fcr die spanische Sprache\"},\"sameAs\":[\"https:\\\/\\\/sarah-schneider-sprachdienste.de\"],\"url\":\"https:\\\/\\\/sarah-schneider-sprachdienste.de\\\/es\\\/author\\\/sarahtarjetavirtual\\\/\"}]}<\/script>\n<!-- \/ Yoast SEO plugin. -->","yoast_head_json":{"title":"Traducciones juradas al alem\u00e1n con firma electr\u00f3nica cualificada - Sarah Schneider Sprachdienste - Servicios Ling\u00fc\u00edsticos","description":"Traducci\u00f3n jurada espa\u00f1ol-alem\u00e1n en Baja Sajonia con firma electr\u00f3nica cualificada (QES). Traductora jurada autorizada por el Tribunal Regional de Hannover. M\u00e1s r\u00e1pido, seguro y legal.","robots":{"index":"index","follow":"follow","max-snippet":"max-snippet:-1","max-image-preview":"max-image-preview:large","max-video-preview":"max-video-preview:-1"},"canonical":"https:\/\/sarah-schneider-sprachdienste.de\/es\/traducciones-juradas-al-aleman-con-firma-electronica-cualificada\/","og_locale":"es_ES","og_type":"article","og_title":"Traducciones juradas al alem\u00e1n con firma electr\u00f3nica cualificada - Sarah Schneider Sprachdienste - Servicios Ling\u00fc\u00edsticos","og_description":"Traducci\u00f3n jurada espa\u00f1ol-alem\u00e1n en Baja Sajonia con firma electr\u00f3nica cualificada (QES). Traductora jurada autorizada por el Tribunal Regional de Hannover. M\u00e1s r\u00e1pido, seguro y legal.","og_url":"https:\/\/sarah-schneider-sprachdienste.de\/es\/traducciones-juradas-al-aleman-con-firma-electronica-cualificada\/","og_site_name":"Sarah Schneider Sprachdienste - Servicios Ling\u00fc\u00edsticos","article_published_time":"2025-06-16T10:36:36+00:00","article_modified_time":"2025-06-16T10:39:26+00:00","og_image":[{"width":521,"height":315,"url":"https:\/\/sarah-schneider-sprachdienste.de\/wp-content\/uploads\/eidas-certificado-es.png","type":"image\/png"}],"author":"Sarah Schneider, M.A., erm\u00e4chtigte \u00dcbersetzerin f\u00fcr die spanische Sprache","twitter_card":"summary_large_image","twitter_misc":{"Escrito por":"Sarah Schneider, M.A., erm\u00e4chtigte \u00dcbersetzerin f\u00fcr die spanische Sprache","Tiempo de lectura":"5 minutos"},"schema":{"@context":"https:\/\/schema.org","@graph":[{"@type":"Article","@id":"https:\/\/sarah-schneider-sprachdienste.de\/es\/traducciones-juradas-al-aleman-con-firma-electronica-cualificada\/#article","isPartOf":{"@id":"https:\/\/sarah-schneider-sprachdienste.de\/es\/traducciones-juradas-al-aleman-con-firma-electronica-cualificada\/"},"author":{"name":"Sarah Schneider, M.A., erm\u00e4chtigte \u00dcbersetzerin f\u00fcr die spanische Sprache","@id":"https:\/\/sarah-schneider-sprachdienste.de\/es\/#\/schema\/person\/3574b8852bc10be824ce67f91f973c94"},"headline":"Traducciones juradas al alem\u00e1n con firma electr\u00f3nica cualificada","datePublished":"2025-06-16T10:36:36+00:00","dateModified":"2025-06-16T10:39:26+00:00","mainEntityOfPage":{"@id":"https:\/\/sarah-schneider-sprachdienste.de\/es\/traducciones-juradas-al-aleman-con-firma-electronica-cualificada\/"},"wordCount":792,"publisher":{"@id":"https:\/\/sarah-schneider-sprachdienste.de\/es\/#organization"},"image":{"@id":"https:\/\/sarah-schneider-sprachdienste.de\/es\/traducciones-juradas-al-aleman-con-firma-electronica-cualificada\/#primaryimage"},"thumbnailUrl":"https:\/\/sarah-schneider-sprachdienste.de\/wp-content\/uploads\/eidas-certificado-es.png","articleSection":["Traducci\u00f3n oficial"],"inLanguage":"es"},{"@type":"WebPage","@id":"https:\/\/sarah-schneider-sprachdienste.de\/es\/traducciones-juradas-al-aleman-con-firma-electronica-cualificada\/","url":"https:\/\/sarah-schneider-sprachdienste.de\/es\/traducciones-juradas-al-aleman-con-firma-electronica-cualificada\/","name":"Traducciones juradas al alem\u00e1n con firma electr\u00f3nica cualificada - Sarah Schneider Sprachdienste - Servicios Ling\u00fc\u00edsticos","isPartOf":{"@id":"https:\/\/sarah-schneider-sprachdienste.de\/es\/#website"},"primaryImageOfPage":{"@id":"https:\/\/sarah-schneider-sprachdienste.de\/es\/traducciones-juradas-al-aleman-con-firma-electronica-cualificada\/#primaryimage"},"image":{"@id":"https:\/\/sarah-schneider-sprachdienste.de\/es\/traducciones-juradas-al-aleman-con-firma-electronica-cualificada\/#primaryimage"},"thumbnailUrl":"https:\/\/sarah-schneider-sprachdienste.de\/wp-content\/uploads\/eidas-certificado-es.png","datePublished":"2025-06-16T10:36:36+00:00","dateModified":"2025-06-16T10:39:26+00:00","description":"Traducci\u00f3n jurada espa\u00f1ol-alem\u00e1n en Baja Sajonia con firma electr\u00f3nica cualificada (QES). Traductora jurada autorizada por el Tribunal Regional de Hannover. M\u00e1s r\u00e1pido, seguro y legal.","breadcrumb":{"@id":"https:\/\/sarah-schneider-sprachdienste.de\/es\/traducciones-juradas-al-aleman-con-firma-electronica-cualificada\/#breadcrumb"},"inLanguage":"es","potentialAction":[{"@type":"ReadAction","target":["https:\/\/sarah-schneider-sprachdienste.de\/es\/traducciones-juradas-al-aleman-con-firma-electronica-cualificada\/"]}]},{"@type":"ImageObject","inLanguage":"es","@id":"https:\/\/sarah-schneider-sprachdienste.de\/es\/traducciones-juradas-al-aleman-con-firma-electronica-cualificada\/#primaryimage","url":"https:\/\/sarah-schneider-sprachdienste.de\/wp-content\/uploads\/eidas-certificado-es.png","contentUrl":"https:\/\/sarah-schneider-sprachdienste.de\/wp-content\/uploads\/eidas-certificado-es.png","width":521,"height":315,"caption":"firma electr\u00f3nica cualificada"},{"@type":"BreadcrumbList","@id":"https:\/\/sarah-schneider-sprachdienste.de\/es\/traducciones-juradas-al-aleman-con-firma-electronica-cualificada\/#breadcrumb","itemListElement":[{"@type":"ListItem","position":1,"name":"Portada","item":"https:\/\/sarah-schneider-sprachdienste.de\/es\/"},{"@type":"ListItem","position":2,"name":"Traducciones juradas al alem\u00e1n con firma electr\u00f3nica cualificada"}]},{"@type":"WebSite","@id":"https:\/\/sarah-schneider-sprachdienste.de\/es\/#website","url":"https:\/\/sarah-schneider-sprachdienste.de\/es\/","name":"Sarah Schneider Sprachdienste - Servicios Ling\u00fc\u00edsticos","description":"","publisher":{"@id":"https:\/\/sarah-schneider-sprachdienste.de\/es\/#organization"},"potentialAction":[{"@type":"SearchAction","target":{"@type":"EntryPoint","urlTemplate":"https:\/\/sarah-schneider-sprachdienste.de\/es\/?s={search_term_string}"},"query-input":{"@type":"PropertyValueSpecification","valueRequired":true,"valueName":"search_term_string"}}],"inLanguage":"es"},{"@type":"Organization","@id":"https:\/\/sarah-schneider-sprachdienste.de\/es\/#organization","name":"Sarah Schneider Sprachdienste","alternateName":"sprachdienste","url":"https:\/\/sarah-schneider-sprachdienste.de\/es\/","logo":{"@type":"ImageObject","inLanguage":"es","@id":"https:\/\/sarah-schneider-sprachdienste.de\/es\/#\/schema\/logo\/image\/","url":"https:\/\/sarah-schneider-sprachdienste.de\/wp-content\/uploads\/logo-alem_C3_A1-optimizado.png","contentUrl":"https:\/\/sarah-schneider-sprachdienste.de\/wp-content\/uploads\/logo-alem_C3_A1-optimizado.png","width":636,"height":244,"caption":"Sarah Schneider Sprachdienste"},"image":{"@id":"https:\/\/sarah-schneider-sprachdienste.de\/es\/#\/schema\/logo\/image\/"}},{"@type":"Person","@id":"https:\/\/sarah-schneider-sprachdienste.de\/es\/#\/schema\/person\/3574b8852bc10be824ce67f91f973c94","name":"Sarah Schneider, M.A., erm\u00e4chtigte \u00dcbersetzerin f\u00fcr die spanische Sprache","image":{"@type":"ImageObject","inLanguage":"es","@id":"https:\/\/secure.gravatar.com\/avatar\/0a4d97181d7039e5ef62d7e5f95f647b95dbec3d21f21bcc6765232192c12e09?s=96&d=mm&r=g","url":"https:\/\/secure.gravatar.com\/avatar\/0a4d97181d7039e5ef62d7e5f95f647b95dbec3d21f21bcc6765232192c12e09?s=96&d=mm&r=g","contentUrl":"https:\/\/secure.gravatar.com\/avatar\/0a4d97181d7039e5ef62d7e5f95f647b95dbec3d21f21bcc6765232192c12e09?s=96&d=mm&r=g","caption":"Sarah Schneider, M.A., erm\u00e4chtigte \u00dcbersetzerin f\u00fcr die spanische Sprache"},"sameAs":["https:\/\/sarah-schneider-sprachdienste.de"],"url":"https:\/\/sarah-schneider-sprachdienste.de\/es\/author\/sarahtarjetavirtual\/"}]}},"_links":{"self":[{"href":"https:\/\/sarah-schneider-sprachdienste.de\/es\/wp-json\/wp\/v2\/posts\/27423","targetHints":{"allow":["GET"]}}],"collection":[{"href":"https:\/\/sarah-schneider-sprachdienste.de\/es\/wp-json\/wp\/v2\/posts"}],"about":[{"href":"https:\/\/sarah-schneider-sprachdienste.de\/es\/wp-json\/wp\/v2\/types\/post"}],"author":[{"embeddable":true,"href":"https:\/\/sarah-schneider-sprachdienste.de\/es\/wp-json\/wp\/v2\/users\/1"}],"replies":[{"embeddable":true,"href":"https:\/\/sarah-schneider-sprachdienste.de\/es\/wp-json\/wp\/v2\/comments?post=27423"}],"version-history":[{"count":1,"href":"https:\/\/sarah-schneider-sprachdienste.de\/es\/wp-json\/wp\/v2\/posts\/27423\/revisions"}],"predecessor-version":[{"id":27424,"href":"https:\/\/sarah-schneider-sprachdienste.de\/es\/wp-json\/wp\/v2\/posts\/27423\/revisions\/27424"}],"wp:featuredmedia":[{"embeddable":true,"href":"https:\/\/sarah-schneider-sprachdienste.de\/es\/wp-json\/wp\/v2\/media\/9884"}],"wp:attachment":[{"href":"https:\/\/sarah-schneider-sprachdienste.de\/es\/wp-json\/wp\/v2\/media?parent=27423"}],"wp:term":[{"taxonomy":"category","embeddable":true,"href":"https:\/\/sarah-schneider-sprachdienste.de\/es\/wp-json\/wp\/v2\/categories?post=27423"},{"taxonomy":"post_tag","embeddable":true,"href":"https:\/\/sarah-schneider-sprachdienste.de\/es\/wp-json\/wp\/v2\/tags?post=27423"}],"curies":[{"name":"wp","href":"https:\/\/api.w.org\/{rel}","templated":true}]}}