{"id":5199,"date":"2023-01-31T07:38:45","date_gmt":"2023-01-31T07:38:45","guid":{"rendered":"https:\/\/sarah-schneider-sprachdienste.de\/?p=5199"},"modified":"2023-01-31T07:38:48","modified_gmt":"2023-01-31T07:38:48","slug":"guia-para-escanear-documentos-para-su-traduccion-jurada","status":"publish","type":"post","link":"https:\/\/sarah-schneider-sprachdienste.de\/es\/guia-para-escanear-documentos-para-su-traduccion-jurada\/","title":{"rendered":"Gu\u00eda para escanear documentos para su traducci\u00f3n jurada"},"content":{"rendered":"\n<h2 class=\"wp-block-heading\">\u00bfPor qu\u00e9 es importante escanear bien mis documentos?<\/h2>\n\n\n\n<ol class=\"wp-block-list\">\n<li>Si el texto\/documento est\u00e1 bien escaneado, podemos enviarle un presupuesto <strong>con mayor rapidez<\/strong>, ya que nos resultar\u00e1 m\u00e1s f\u00e1cil calcular el trabajo necesario.<\/li>\n\n\n\n<li>Las traducciones juradas van acompa\u00f1adas por una copia del documento original. Esta copia debe ser totalmente legible para <strong>evitar posibles problemas<\/strong> m\u00e1s adelante <strong>con las autoridades.<\/strong><\/li>\n<\/ol>\n\n\n\n<h2 class=\"wp-block-heading\">\u00bfCu\u00e1l es la mejor forma de escanear un documento?<\/h2>\n\n\n\n<p>La mejor opci\u00f3n es utilizar un <strong>esc\u00e1ner profesional (fotocopiadora) <\/strong>para escanear todas las p\u00e1ginas en formato <strong>.PDF<\/strong> (incluidos reversos, legalizaciones, apostillas, sellos, etc.). <strong>Es importante que el orden de las p\u00e1ginas coincida exactamente con el del documento grapado<\/strong>. En caso de que env\u00ede varios documentos, lo mejor es que nos env\u00ede <strong>un PDF por documento<\/strong> para que podamos ver exactamente lo que corresponde a cada uno. Tambi\u00e9n puede enviarnos archivos en formato .jpg o .pgn, pero siempre es mejor la versi\u00f3n en .PDF.<\/p>\n\n\n\n<h2 class=\"wp-block-heading\">No tengo esc\u00e1ner, \u00bfqu\u00e9 puedo hacer?<\/h2>\n\n\n\n<p>Puede acudir a una <strong>copister\u00eda<\/strong> (Copy Shop, Kopierladen) y escanear los documentos con la ayuda de un profesional y enviarnos los archivos por correo electr\u00f3nico. Tambi\u00e9n el <a href=\"https:\/\/www.dm.de\/services\/services-im-markt\/fotoservice\/copyshop-scanservice-50518\" target=\"_blank\" rel=\"noreferrer noopener nofollow\">DM<\/a> suele ofrecer este servicio. <\/p>\n\n\n\n<p>Si esto tampoco es posible, puede hacer usode una <strong>aplicaci\u00f3n para su tel\u00e9fono m\u00f3vil <\/strong>(como por ejemplo, CamScanner u Office Lens, etc.). Puede acceder a la tienda de aplicaciones de su tel\u00e9fono para encontrar aplicaciones para escanear documentos. Algunas de estas aplicaciones son gratuitas, pero otras son de pago. Tambi\u00e9n puede hacer <strong>fotos con la c\u00e1mara de su tel\u00e9fono m\u00f3vil<\/strong>, pero \u00e9sta debe ser siempre la \u00faltima opci\u00f3n. <\/p>\n\n\n\n<h2 class=\"wp-block-heading\"><strong>Al hacer fotos deber\u00e1 tener en cuenta lo siguiente:<\/strong><\/h2>\n\n\n\n<ul class=\"wp-block-list\">\n<li>aseg\u00farese de tener <strong>buena luz<\/strong>;<\/li>\n\n\n\n<li>coloque la hoja sobre una <strong>superficie que haga contraste<\/strong> (por ejemplo, sobre una mesa oscura) y aseg\u00farese de que la <strong>hoja est\u00e1 estirada y sin arrugas<\/strong>.<\/li>\n\n\n\n<li>haga una <strong>foto de todas las p\u00e1ginas<\/strong>, incluidos los reversos si tienen texto o sellos y las legalizaciones o apostillas <strong>en el mismo orden en el que est\u00e9n grapadas<\/strong>;<\/li>\n\n\n\n<li><strong>recorte las im\u00e1genes<\/strong> de manera que no se aprecien manteles, alfombras, manos, etc.;<\/li>\n\n\n\n<li>el texto debe ser <strong>claramente legible y que no se vea borroso<\/strong>;<\/li>\n\n\n\n<li>en el caso de que escanee los documentos con una aplicaci\u00f3n, <strong>env\u00ede un documento PDF <\/strong>para el conjunto de p\u00e1ginas de un mismo documento.<\/li>\n<\/ul>\n\n\n\n<p>En la aplicaci\u00f3n, tambi\u00e9n puede realizar <strong>ajustes<\/strong> como <strong>suavizar, ajustar el brillo y el contraste<\/strong>, etc. para mejorar la imagen.<\/p>\n\n\n\n<h2 class=\"wp-block-heading\">Ejemplos<\/h2>\n\n\n\n<p>A continuaci\u00f3n, puede observar un ejemplo de un documento bien escaneado y otro de uno mal escaneado (los datos personales se han suprimido para preservar la privacidad, pero deben ser reconocibles en los documentos que usted env\u00ede):<\/p>\n\n\n\n<figure class=\"wp-block-image size-full\"><img decoding=\"async\" width=\"567\" height=\"752\" data-src=\"https:\/\/sarah-schneider-sprachdienste.de\/wp-content\/uploads\/Nicht-gut-3.png\" alt=\"\" class=\"wp-image-5208 lazyload\" data-srcset=\"https:\/\/sarah-schneider-sprachdienste.de\/wp-content\/uploads\/Nicht-gut-3.png 567w, https:\/\/sarah-schneider-sprachdienste.de\/wp-content\/uploads\/Nicht-gut-3-226x300.png 226w\" data-sizes=\"(max-width: 567px) 100vw, 567px\" src=\"data:image\/svg+xml;base64,PHN2ZyB3aWR0aD0iMSIgaGVpZ2h0PSIxIiB4bWxucz0iaHR0cDovL3d3dy53My5vcmcvMjAwMC9zdmciPjwvc3ZnPg==\" style=\"--smush-placeholder-width: 567px; --smush-placeholder-aspect-ratio: 567\/752;\" \/><figcaption class=\"wp-element-caption\">NO est\u00e1 bien escaneado.<\/figcaption><\/figure>\n\n\n\n<p>El texto est\u00e1 cortado en el margen izquierdo, el sello no es visible, hay muchas sombras en la imagen, el documento no parece que est\u00e9 completo.<\/p>\n\n\n\n<figure class=\"wp-block-image size-full\"><img decoding=\"async\" width=\"566\" height=\"776\" data-src=\"https:\/\/sarah-schneider-sprachdienste.de\/wp-content\/uploads\/Gut-1.png\" alt=\"\" class=\"wp-image-5203 lazyload\" data-srcset=\"https:\/\/sarah-schneider-sprachdienste.de\/wp-content\/uploads\/Gut-1.png 566w, https:\/\/sarah-schneider-sprachdienste.de\/wp-content\/uploads\/Gut-1-219x300.png 219w\" data-sizes=\"(max-width: 566px) 100vw, 566px\" src=\"data:image\/svg+xml;base64,PHN2ZyB3aWR0aD0iMSIgaGVpZ2h0PSIxIiB4bWxucz0iaHR0cDovL3d3dy53My5vcmcvMjAwMC9zdmciPjwvc3ZnPg==\" style=\"--smush-placeholder-width: 566px; --smush-placeholder-aspect-ratio: 566\/776;\" \/><figcaption class=\"wp-element-caption\">BIEN escaneado<\/figcaption><\/figure>\n\n\n\n<p>El documento est\u00e1 completo, todos los sellos son visibles, la luz es buena.<\/p>\n\n\n\n<p>Ajustando el marco, puede asegurarse de capturar la p\u00e1gina completa:<\/p>\n\n\n\n<figure class=\"wp-block-image size-large\"><img decoding=\"async\" width=\"473\" height=\"1024\" data-src=\"https:\/\/sarah-schneider-sprachdienste.de\/wp-content\/uploads\/Office-Lens-Rahmen-1-473x1024.png\" alt=\"\" class=\"wp-image-5210 lazyload\" data-srcset=\"https:\/\/sarah-schneider-sprachdienste.de\/wp-content\/uploads\/Office-Lens-Rahmen-1-473x1024.png 473w, https:\/\/sarah-schneider-sprachdienste.de\/wp-content\/uploads\/Office-Lens-Rahmen-1-139x300.png 139w, https:\/\/sarah-schneider-sprachdienste.de\/wp-content\/uploads\/Office-Lens-Rahmen-1-768x1662.png 768w, https:\/\/sarah-schneider-sprachdienste.de\/wp-content\/uploads\/Office-Lens-Rahmen-1-710x1536.png 710w, https:\/\/sarah-schneider-sprachdienste.de\/wp-content\/uploads\/Office-Lens-Rahmen-1-600x1299.png 600w, https:\/\/sarah-schneider-sprachdienste.de\/wp-content\/uploads\/Office-Lens-Rahmen-1.png 828w\" data-sizes=\"(max-width: 473px) 100vw, 473px\" src=\"data:image\/svg+xml;base64,PHN2ZyB3aWR0aD0iMSIgaGVpZ2h0PSIxIiB4bWxucz0iaHR0cDovL3d3dy53My5vcmcvMjAwMC9zdmciPjwvc3ZnPg==\" style=\"--smush-placeholder-width: 473px; --smush-placeholder-aspect-ratio: 473\/1024;\" \/><figcaption class=\"wp-element-caption\">Ajustar marco<\/figcaption><\/figure>\n\n\n\n<p>Luego, guarde el documento en la memoria de su tel\u00e9fono en formato .PDF y env\u00edelo por correo electr\u00f3nico a <a href=\"mailto:post@sarah-schneider.eu\">post@sarah-schneider.eu<\/a> para obtener su presupuesto. <\/p>\n\n\n\n<p><\/p>\n\n\n\n<p><\/p>\n","protected":false},"excerpt":{"rendered":"<p>\u00bfC\u00f3mo escaneo mis documentos para una traducci\u00f3n jurada? En este art\u00edculo te lo explicamos. <\/p>\n","protected":false},"author":1,"featured_media":1434,"comment_status":"closed","ping_status":"closed","sticky":false,"template":"","format":"standard","meta":{"footnotes":""},"categories":[8],"tags":[],"class_list":["post-5199","post","type-post","status-publish","format-standard","has-post-thumbnail","hentry","category-traduccion-oficial"],"yoast_head":"<!-- This site is optimized with the Yoast SEO plugin v27.4 - https:\/\/yoast.com\/product\/yoast-seo-wordpress\/ -->\n<title>Gu\u00eda para escanear documentos para su traducci\u00f3n jurada - Sarah Schneider Sprachdienste - Servicios Ling\u00fc\u00edsticos<\/title>\n<meta name=\"robots\" content=\"index, follow, max-snippet:-1, max-image-preview:large, max-video-preview:-1\" \/>\n<link rel=\"canonical\" href=\"https:\/\/sarah-schneider-sprachdienste.de\/es\/guia-para-escanear-documentos-para-su-traduccion-jurada\/\" \/>\n<meta property=\"og:locale\" content=\"es_ES\" \/>\n<meta property=\"og:type\" content=\"article\" \/>\n<meta property=\"og:title\" content=\"Gu\u00eda para escanear documentos para su traducci\u00f3n jurada - Sarah Schneider Sprachdienste - Servicios Ling\u00fc\u00edsticos\" \/>\n<meta property=\"og:description\" content=\"\u00bfC\u00f3mo escaneo mis documentos para una traducci\u00f3n jurada? En este art\u00edculo te lo explicamos.\" \/>\n<meta property=\"og:url\" content=\"https:\/\/sarah-schneider-sprachdienste.de\/es\/guia-para-escanear-documentos-para-su-traduccion-jurada\/\" \/>\n<meta property=\"og:site_name\" content=\"Sarah Schneider Sprachdienste - Servicios Ling\u00fc\u00edsticos\" \/>\n<meta property=\"article:published_time\" content=\"2023-01-31T07:38:45+00:00\" \/>\n<meta property=\"article:modified_time\" content=\"2023-01-31T07:38:48+00:00\" \/>\n<meta property=\"og:image\" content=\"https:\/\/sarah-schneider-sprachdienste.de\/wp-content\/uploads\/printer-2282307_1280-e1670595230122.png\" \/>\n\t<meta property=\"og:image:width\" content=\"1280\" \/>\n\t<meta property=\"og:image:height\" content=\"1280\" \/>\n\t<meta property=\"og:image:type\" content=\"image\/png\" \/>\n<meta name=\"author\" content=\"Sarah Schneider, M.A., erm\u00e4chtigte \u00dcbersetzerin f\u00fcr die spanische Sprache\" \/>\n<meta name=\"twitter:card\" content=\"summary_large_image\" \/>\n<meta name=\"twitter:label1\" content=\"Escrito por\" \/>\n\t<meta name=\"twitter:data1\" content=\"Sarah Schneider, M.A., erm\u00e4chtigte \u00dcbersetzerin f\u00fcr die spanische Sprache\" \/>\n\t<meta name=\"twitter:label2\" content=\"Tiempo de lectura\" \/>\n\t<meta name=\"twitter:data2\" content=\"4 minutos\" \/>\n<script type=\"application\/ld+json\" class=\"yoast-schema-graph\">{\"@context\":\"https:\\\/\\\/schema.org\",\"@graph\":[{\"@type\":\"Article\",\"@id\":\"https:\\\/\\\/sarah-schneider-sprachdienste.de\\\/es\\\/guia-para-escanear-documentos-para-su-traduccion-jurada\\\/#article\",\"isPartOf\":{\"@id\":\"https:\\\/\\\/sarah-schneider-sprachdienste.de\\\/es\\\/guia-para-escanear-documentos-para-su-traduccion-jurada\\\/\"},\"author\":{\"name\":\"Sarah Schneider, M.A., erm\u00e4chtigte \u00dcbersetzerin f\u00fcr die spanische Sprache\",\"@id\":\"https:\\\/\\\/sarah-schneider-sprachdienste.de\\\/es\\\/#\\\/schema\\\/person\\\/3574b8852bc10be824ce67f91f973c94\"},\"headline\":\"Gu\u00eda para escanear documentos para su traducci\u00f3n jurada\",\"datePublished\":\"2023-01-31T07:38:45+00:00\",\"dateModified\":\"2023-01-31T07:38:48+00:00\",\"mainEntityOfPage\":{\"@id\":\"https:\\\/\\\/sarah-schneider-sprachdienste.de\\\/es\\\/guia-para-escanear-documentos-para-su-traduccion-jurada\\\/\"},\"wordCount\":567,\"publisher\":{\"@id\":\"https:\\\/\\\/sarah-schneider-sprachdienste.de\\\/es\\\/#organization\"},\"image\":{\"@id\":\"https:\\\/\\\/sarah-schneider-sprachdienste.de\\\/es\\\/guia-para-escanear-documentos-para-su-traduccion-jurada\\\/#primaryimage\"},\"thumbnailUrl\":\"https:\\\/\\\/sarah-schneider-sprachdienste.de\\\/wp-content\\\/uploads\\\/printer-2282307_1280-e1670595230122.png\",\"articleSection\":[\"Traducci\u00f3n oficial\"],\"inLanguage\":\"es\"},{\"@type\":\"WebPage\",\"@id\":\"https:\\\/\\\/sarah-schneider-sprachdienste.de\\\/es\\\/guia-para-escanear-documentos-para-su-traduccion-jurada\\\/\",\"url\":\"https:\\\/\\\/sarah-schneider-sprachdienste.de\\\/es\\\/guia-para-escanear-documentos-para-su-traduccion-jurada\\\/\",\"name\":\"Gu\u00eda para escanear documentos para su traducci\u00f3n jurada - Sarah Schneider Sprachdienste - Servicios Ling\u00fc\u00edsticos\",\"isPartOf\":{\"@id\":\"https:\\\/\\\/sarah-schneider-sprachdienste.de\\\/es\\\/#website\"},\"primaryImageOfPage\":{\"@id\":\"https:\\\/\\\/sarah-schneider-sprachdienste.de\\\/es\\\/guia-para-escanear-documentos-para-su-traduccion-jurada\\\/#primaryimage\"},\"image\":{\"@id\":\"https:\\\/\\\/sarah-schneider-sprachdienste.de\\\/es\\\/guia-para-escanear-documentos-para-su-traduccion-jurada\\\/#primaryimage\"},\"thumbnailUrl\":\"https:\\\/\\\/sarah-schneider-sprachdienste.de\\\/wp-content\\\/uploads\\\/printer-2282307_1280-e1670595230122.png\",\"datePublished\":\"2023-01-31T07:38:45+00:00\",\"dateModified\":\"2023-01-31T07:38:48+00:00\",\"breadcrumb\":{\"@id\":\"https:\\\/\\\/sarah-schneider-sprachdienste.de\\\/es\\\/guia-para-escanear-documentos-para-su-traduccion-jurada\\\/#breadcrumb\"},\"inLanguage\":\"es\",\"potentialAction\":[{\"@type\":\"ReadAction\",\"target\":[\"https:\\\/\\\/sarah-schneider-sprachdienste.de\\\/es\\\/guia-para-escanear-documentos-para-su-traduccion-jurada\\\/\"]}]},{\"@type\":\"ImageObject\",\"inLanguage\":\"es\",\"@id\":\"https:\\\/\\\/sarah-schneider-sprachdienste.de\\\/es\\\/guia-para-escanear-documentos-para-su-traduccion-jurada\\\/#primaryimage\",\"url\":\"https:\\\/\\\/sarah-schneider-sprachdienste.de\\\/wp-content\\\/uploads\\\/printer-2282307_1280-e1670595230122.png\",\"contentUrl\":\"https:\\\/\\\/sarah-schneider-sprachdienste.de\\\/wp-content\\\/uploads\\\/printer-2282307_1280-e1670595230122.png\",\"width\":1280,\"height\":1280,\"caption\":\"Pixabay License Frei zu verwenden unter der Pixabay-Lizenz Kein Bildnachweis n\u00f6tig\"},{\"@type\":\"BreadcrumbList\",\"@id\":\"https:\\\/\\\/sarah-schneider-sprachdienste.de\\\/es\\\/guia-para-escanear-documentos-para-su-traduccion-jurada\\\/#breadcrumb\",\"itemListElement\":[{\"@type\":\"ListItem\",\"position\":1,\"name\":\"Portada\",\"item\":\"https:\\\/\\\/sarah-schneider-sprachdienste.de\\\/es\\\/\"},{\"@type\":\"ListItem\",\"position\":2,\"name\":\"Gu\u00eda para escanear documentos para su traducci\u00f3n jurada\"}]},{\"@type\":\"WebSite\",\"@id\":\"https:\\\/\\\/sarah-schneider-sprachdienste.de\\\/es\\\/#website\",\"url\":\"https:\\\/\\\/sarah-schneider-sprachdienste.de\\\/es\\\/\",\"name\":\"Sarah Schneider Sprachdienste - Servicios Ling\u00fc\u00edsticos\",\"description\":\"\",\"publisher\":{\"@id\":\"https:\\\/\\\/sarah-schneider-sprachdienste.de\\\/es\\\/#organization\"},\"potentialAction\":[{\"@type\":\"SearchAction\",\"target\":{\"@type\":\"EntryPoint\",\"urlTemplate\":\"https:\\\/\\\/sarah-schneider-sprachdienste.de\\\/es\\\/?s={search_term_string}\"},\"query-input\":{\"@type\":\"PropertyValueSpecification\",\"valueRequired\":true,\"valueName\":\"search_term_string\"}}],\"inLanguage\":\"es\"},{\"@type\":\"Organization\",\"@id\":\"https:\\\/\\\/sarah-schneider-sprachdienste.de\\\/es\\\/#organization\",\"name\":\"Sarah Schneider Sprachdienste\",\"alternateName\":\"sprachdienste\",\"url\":\"https:\\\/\\\/sarah-schneider-sprachdienste.de\\\/es\\\/\",\"logo\":{\"@type\":\"ImageObject\",\"inLanguage\":\"es\",\"@id\":\"https:\\\/\\\/sarah-schneider-sprachdienste.de\\\/es\\\/#\\\/schema\\\/logo\\\/image\\\/\",\"url\":\"https:\\\/\\\/sarah-schneider-sprachdienste.de\\\/wp-content\\\/uploads\\\/logo-alem_C3_A1-optimizado.png\",\"contentUrl\":\"https:\\\/\\\/sarah-schneider-sprachdienste.de\\\/wp-content\\\/uploads\\\/logo-alem_C3_A1-optimizado.png\",\"width\":636,\"height\":244,\"caption\":\"Sarah Schneider Sprachdienste\"},\"image\":{\"@id\":\"https:\\\/\\\/sarah-schneider-sprachdienste.de\\\/es\\\/#\\\/schema\\\/logo\\\/image\\\/\"}},{\"@type\":\"Person\",\"@id\":\"https:\\\/\\\/sarah-schneider-sprachdienste.de\\\/es\\\/#\\\/schema\\\/person\\\/3574b8852bc10be824ce67f91f973c94\",\"name\":\"Sarah Schneider, M.A., erm\u00e4chtigte \u00dcbersetzerin f\u00fcr die spanische Sprache\",\"image\":{\"@type\":\"ImageObject\",\"inLanguage\":\"es\",\"@id\":\"https:\\\/\\\/secure.gravatar.com\\\/avatar\\\/0a4d97181d7039e5ef62d7e5f95f647b95dbec3d21f21bcc6765232192c12e09?s=96&d=mm&r=g\",\"url\":\"https:\\\/\\\/secure.gravatar.com\\\/avatar\\\/0a4d97181d7039e5ef62d7e5f95f647b95dbec3d21f21bcc6765232192c12e09?s=96&d=mm&r=g\",\"contentUrl\":\"https:\\\/\\\/secure.gravatar.com\\\/avatar\\\/0a4d97181d7039e5ef62d7e5f95f647b95dbec3d21f21bcc6765232192c12e09?s=96&d=mm&r=g\",\"caption\":\"Sarah Schneider, M.A., erm\u00e4chtigte \u00dcbersetzerin f\u00fcr die spanische Sprache\"},\"sameAs\":[\"https:\\\/\\\/sarah-schneider-sprachdienste.de\"],\"url\":\"https:\\\/\\\/sarah-schneider-sprachdienste.de\\\/es\\\/author\\\/sarahtarjetavirtual\\\/\"}]}<\/script>\n<!-- \/ Yoast SEO plugin. -->","yoast_head_json":{"title":"Gu\u00eda para escanear documentos para su traducci\u00f3n jurada - Sarah Schneider Sprachdienste - Servicios Ling\u00fc\u00edsticos","robots":{"index":"index","follow":"follow","max-snippet":"max-snippet:-1","max-image-preview":"max-image-preview:large","max-video-preview":"max-video-preview:-1"},"canonical":"https:\/\/sarah-schneider-sprachdienste.de\/es\/guia-para-escanear-documentos-para-su-traduccion-jurada\/","og_locale":"es_ES","og_type":"article","og_title":"Gu\u00eda para escanear documentos para su traducci\u00f3n jurada - Sarah Schneider Sprachdienste - Servicios Ling\u00fc\u00edsticos","og_description":"\u00bfC\u00f3mo escaneo mis documentos para una traducci\u00f3n jurada? En este art\u00edculo te lo explicamos.","og_url":"https:\/\/sarah-schneider-sprachdienste.de\/es\/guia-para-escanear-documentos-para-su-traduccion-jurada\/","og_site_name":"Sarah Schneider Sprachdienste - Servicios Ling\u00fc\u00edsticos","article_published_time":"2023-01-31T07:38:45+00:00","article_modified_time":"2023-01-31T07:38:48+00:00","og_image":[{"width":1280,"height":1280,"url":"https:\/\/sarah-schneider-sprachdienste.de\/wp-content\/uploads\/printer-2282307_1280-e1670595230122.png","type":"image\/png"}],"author":"Sarah Schneider, M.A., erm\u00e4chtigte \u00dcbersetzerin f\u00fcr die spanische Sprache","twitter_card":"summary_large_image","twitter_misc":{"Escrito por":"Sarah Schneider, M.A., erm\u00e4chtigte \u00dcbersetzerin f\u00fcr die spanische Sprache","Tiempo de lectura":"4 minutos"},"schema":{"@context":"https:\/\/schema.org","@graph":[{"@type":"Article","@id":"https:\/\/sarah-schneider-sprachdienste.de\/es\/guia-para-escanear-documentos-para-su-traduccion-jurada\/#article","isPartOf":{"@id":"https:\/\/sarah-schneider-sprachdienste.de\/es\/guia-para-escanear-documentos-para-su-traduccion-jurada\/"},"author":{"name":"Sarah Schneider, M.A., erm\u00e4chtigte \u00dcbersetzerin f\u00fcr die spanische Sprache","@id":"https:\/\/sarah-schneider-sprachdienste.de\/es\/#\/schema\/person\/3574b8852bc10be824ce67f91f973c94"},"headline":"Gu\u00eda para escanear documentos para su traducci\u00f3n jurada","datePublished":"2023-01-31T07:38:45+00:00","dateModified":"2023-01-31T07:38:48+00:00","mainEntityOfPage":{"@id":"https:\/\/sarah-schneider-sprachdienste.de\/es\/guia-para-escanear-documentos-para-su-traduccion-jurada\/"},"wordCount":567,"publisher":{"@id":"https:\/\/sarah-schneider-sprachdienste.de\/es\/#organization"},"image":{"@id":"https:\/\/sarah-schneider-sprachdienste.de\/es\/guia-para-escanear-documentos-para-su-traduccion-jurada\/#primaryimage"},"thumbnailUrl":"https:\/\/sarah-schneider-sprachdienste.de\/wp-content\/uploads\/printer-2282307_1280-e1670595230122.png","articleSection":["Traducci\u00f3n oficial"],"inLanguage":"es"},{"@type":"WebPage","@id":"https:\/\/sarah-schneider-sprachdienste.de\/es\/guia-para-escanear-documentos-para-su-traduccion-jurada\/","url":"https:\/\/sarah-schneider-sprachdienste.de\/es\/guia-para-escanear-documentos-para-su-traduccion-jurada\/","name":"Gu\u00eda para escanear documentos para su traducci\u00f3n jurada - Sarah Schneider Sprachdienste - Servicios Ling\u00fc\u00edsticos","isPartOf":{"@id":"https:\/\/sarah-schneider-sprachdienste.de\/es\/#website"},"primaryImageOfPage":{"@id":"https:\/\/sarah-schneider-sprachdienste.de\/es\/guia-para-escanear-documentos-para-su-traduccion-jurada\/#primaryimage"},"image":{"@id":"https:\/\/sarah-schneider-sprachdienste.de\/es\/guia-para-escanear-documentos-para-su-traduccion-jurada\/#primaryimage"},"thumbnailUrl":"https:\/\/sarah-schneider-sprachdienste.de\/wp-content\/uploads\/printer-2282307_1280-e1670595230122.png","datePublished":"2023-01-31T07:38:45+00:00","dateModified":"2023-01-31T07:38:48+00:00","breadcrumb":{"@id":"https:\/\/sarah-schneider-sprachdienste.de\/es\/guia-para-escanear-documentos-para-su-traduccion-jurada\/#breadcrumb"},"inLanguage":"es","potentialAction":[{"@type":"ReadAction","target":["https:\/\/sarah-schneider-sprachdienste.de\/es\/guia-para-escanear-documentos-para-su-traduccion-jurada\/"]}]},{"@type":"ImageObject","inLanguage":"es","@id":"https:\/\/sarah-schneider-sprachdienste.de\/es\/guia-para-escanear-documentos-para-su-traduccion-jurada\/#primaryimage","url":"https:\/\/sarah-schneider-sprachdienste.de\/wp-content\/uploads\/printer-2282307_1280-e1670595230122.png","contentUrl":"https:\/\/sarah-schneider-sprachdienste.de\/wp-content\/uploads\/printer-2282307_1280-e1670595230122.png","width":1280,"height":1280,"caption":"Pixabay License Frei zu verwenden unter der Pixabay-Lizenz Kein Bildnachweis n\u00f6tig"},{"@type":"BreadcrumbList","@id":"https:\/\/sarah-schneider-sprachdienste.de\/es\/guia-para-escanear-documentos-para-su-traduccion-jurada\/#breadcrumb","itemListElement":[{"@type":"ListItem","position":1,"name":"Portada","item":"https:\/\/sarah-schneider-sprachdienste.de\/es\/"},{"@type":"ListItem","position":2,"name":"Gu\u00eda para escanear documentos para su traducci\u00f3n jurada"}]},{"@type":"WebSite","@id":"https:\/\/sarah-schneider-sprachdienste.de\/es\/#website","url":"https:\/\/sarah-schneider-sprachdienste.de\/es\/","name":"Sarah Schneider Sprachdienste - Servicios Ling\u00fc\u00edsticos","description":"","publisher":{"@id":"https:\/\/sarah-schneider-sprachdienste.de\/es\/#organization"},"potentialAction":[{"@type":"SearchAction","target":{"@type":"EntryPoint","urlTemplate":"https:\/\/sarah-schneider-sprachdienste.de\/es\/?s={search_term_string}"},"query-input":{"@type":"PropertyValueSpecification","valueRequired":true,"valueName":"search_term_string"}}],"inLanguage":"es"},{"@type":"Organization","@id":"https:\/\/sarah-schneider-sprachdienste.de\/es\/#organization","name":"Sarah Schneider Sprachdienste","alternateName":"sprachdienste","url":"https:\/\/sarah-schneider-sprachdienste.de\/es\/","logo":{"@type":"ImageObject","inLanguage":"es","@id":"https:\/\/sarah-schneider-sprachdienste.de\/es\/#\/schema\/logo\/image\/","url":"https:\/\/sarah-schneider-sprachdienste.de\/wp-content\/uploads\/logo-alem_C3_A1-optimizado.png","contentUrl":"https:\/\/sarah-schneider-sprachdienste.de\/wp-content\/uploads\/logo-alem_C3_A1-optimizado.png","width":636,"height":244,"caption":"Sarah Schneider Sprachdienste"},"image":{"@id":"https:\/\/sarah-schneider-sprachdienste.de\/es\/#\/schema\/logo\/image\/"}},{"@type":"Person","@id":"https:\/\/sarah-schneider-sprachdienste.de\/es\/#\/schema\/person\/3574b8852bc10be824ce67f91f973c94","name":"Sarah Schneider, M.A., erm\u00e4chtigte \u00dcbersetzerin f\u00fcr die spanische Sprache","image":{"@type":"ImageObject","inLanguage":"es","@id":"https:\/\/secure.gravatar.com\/avatar\/0a4d97181d7039e5ef62d7e5f95f647b95dbec3d21f21bcc6765232192c12e09?s=96&d=mm&r=g","url":"https:\/\/secure.gravatar.com\/avatar\/0a4d97181d7039e5ef62d7e5f95f647b95dbec3d21f21bcc6765232192c12e09?s=96&d=mm&r=g","contentUrl":"https:\/\/secure.gravatar.com\/avatar\/0a4d97181d7039e5ef62d7e5f95f647b95dbec3d21f21bcc6765232192c12e09?s=96&d=mm&r=g","caption":"Sarah Schneider, M.A., erm\u00e4chtigte \u00dcbersetzerin f\u00fcr die spanische Sprache"},"sameAs":["https:\/\/sarah-schneider-sprachdienste.de"],"url":"https:\/\/sarah-schneider-sprachdienste.de\/es\/author\/sarahtarjetavirtual\/"}]}},"_links":{"self":[{"href":"https:\/\/sarah-schneider-sprachdienste.de\/es\/wp-json\/wp\/v2\/posts\/5199","targetHints":{"allow":["GET"]}}],"collection":[{"href":"https:\/\/sarah-schneider-sprachdienste.de\/es\/wp-json\/wp\/v2\/posts"}],"about":[{"href":"https:\/\/sarah-schneider-sprachdienste.de\/es\/wp-json\/wp\/v2\/types\/post"}],"author":[{"embeddable":true,"href":"https:\/\/sarah-schneider-sprachdienste.de\/es\/wp-json\/wp\/v2\/users\/1"}],"replies":[{"embeddable":true,"href":"https:\/\/sarah-schneider-sprachdienste.de\/es\/wp-json\/wp\/v2\/comments?post=5199"}],"version-history":[{"count":1,"href":"https:\/\/sarah-schneider-sprachdienste.de\/es\/wp-json\/wp\/v2\/posts\/5199\/revisions"}],"predecessor-version":[{"id":5213,"href":"https:\/\/sarah-schneider-sprachdienste.de\/es\/wp-json\/wp\/v2\/posts\/5199\/revisions\/5213"}],"wp:featuredmedia":[{"embeddable":true,"href":"https:\/\/sarah-schneider-sprachdienste.de\/es\/wp-json\/wp\/v2\/media\/1434"}],"wp:attachment":[{"href":"https:\/\/sarah-schneider-sprachdienste.de\/es\/wp-json\/wp\/v2\/media?parent=5199"}],"wp:term":[{"taxonomy":"category","embeddable":true,"href":"https:\/\/sarah-schneider-sprachdienste.de\/es\/wp-json\/wp\/v2\/categories?post=5199"},{"taxonomy":"post_tag","embeddable":true,"href":"https:\/\/sarah-schneider-sprachdienste.de\/es\/wp-json\/wp\/v2\/tags?post=5199"}],"curies":[{"name":"wp","href":"https:\/\/api.w.org\/{rel}","templated":true}]}}