{"id":62,"date":"2021-06-16T11:27:15","date_gmt":"2021-06-16T11:27:15","guid":{"rendered":"https:\/\/sarah-schneider-sprachdienste.de\/?p=62"},"modified":"2025-06-24T09:40:47","modified_gmt":"2025-06-24T09:40:47","slug":"traduccion-jurada-aleman-espanol","status":"publish","type":"post","link":"https:\/\/sarah-schneider-sprachdienste.de\/es\/traduccion-jurada-aleman-espanol\/","title":{"rendered":"Traducci\u00f3n jurada del alem\u00e1n al espa\u00f1ol"},"content":{"rendered":"\n<h2 class=\"wp-block-heading\" id=\"o-lo-que-tenemos-que-tener-en-cuenta-a-la-hora-de-presentar-una-traduccion-jurada-del-aleman-al-espanol-en-el-extranjero-o-en-un-consulado-una-embajada-autentificacion-de-firma-del-traductor\">Qu\u00e9 es lo que tenemos que tener en cuenta a la hora de presentar una traducci\u00f3n jurada del alem\u00e1n al espa\u00f1ol en el extranjero o en un consulado\/una embajada: autentificaci\u00f3n de firma del traductor<\/h2>\n\n\n\n<p><em>Autora y traducci\u00f3n: Sarah Schneider, <strong>Traductora Jurada por el Ministerio de Asuntos Exteriores y Cooperaci\u00f3n (MAEC) de Espa\u00f1a<\/strong>.<\/em><\/p>\n\n\n\n<p>Contacto: <a href=\"mailto:post@sarah-schneider.eu\" target=\"_blank\" rel=\"noreferrer noopener\">post@sarah-schneider.eu<\/a><\/p>\n\n\n\n<h2 class=\"wp-block-heading\" id=\"autenticacion-o-autentificacion-de-la-firma-del-traductor-tambien-legitimacion-de-firma-legalizacion-o-apostilla-para-presentar-una-traduccion-jurada-del-aleman-al-espanol-en-otro-pais-el-consulado-la-embajada\">1) Presentaci\u00f3n de traducciones juradas del alem\u00e1n al espa\u00f1ol en Latinoam\u00e9rica<\/h2>\n\n\n\n<h3 class=\"wp-block-heading\"><strong>Autenticaci\u00f3n o autentificaci\u00f3n de la firma del traductor (tambi\u00e9n legitimaci\u00f3n de firma, legalizaci\u00f3n o apostilla) para presentar una traducci\u00f3n jurada del alem\u00e1n al espa\u00f1ol en otro pa\u00eds, el consulado la embajada<\/strong><\/h3>\n\n\n\n<p><strong>Legitimaci\u00f3n, legalizaci\u00f3n o apostilla<\/strong> son todas denominaciones para la<strong> autenticaci\u00f3n de la firma del traductor jurado en Alemania<\/strong> para una traducci\u00f3n del alem\u00e1n al espa\u00f1ol, para poder presentar la <strong>traducci\u00f3n oficial<\/strong> en el extranjero, por ejemplo en Espa\u00f1a o en algun <strong>consulado<\/strong> o en una <strong>embajada<\/strong>.<\/p>\n\n\n\n<h2 class=\"wp-block-heading\" id=\"cuando-necesito-legitimar-o-autenticar-la-firma-de-un-traductor-jurado\">\u00bfCu\u00e1ndo necesito legitimar o autenticar la firma&nbsp;de un traductor jurado?<\/h2>\n\n\n\n<p>Si desea presentar una<strong> traducci\u00f3n oficial<\/strong> o una <a href=\"https:\/\/sarah-schneider-sprachdienste.de\/es\/traduccion-jurada\/\"><strong>traducci\u00f3n jurada<\/strong><\/a> <strong>del alem\u00e1n al espa\u00f1ol<\/strong> en el extranjero, es posible que el tribunal en el que se haya nombrado jurado al traductor tenga que certificar su firma. Esto podr\u00eda ocurrir si necesita <strong>presentar la traducci\u00f3n jurada ante una misi\u00f3n diplom\u00e1tica u oficina consular de su pa\u00eds en Alemania<\/strong>, por ejemplo en la <strong>Embajada espa\u00f1ola<\/strong>, en el <strong>Consulado espa\u00f1ol<\/strong> o un una <strong>embajada o consulado de alg\u00fan pa\u00eds latinoamericano<\/strong>. La <strong>legalizaci\u00f3n de la firma<\/strong> tambien puede ser necesaria si desea presentar la traducci\u00f3n directamente ante una autoridad u organismo p\u00fablico ubicado f\u00edsicamente fuera de Alemania (por ejemplo, en Espa\u00f1a).<\/p>\n\n\n\n<h2 class=\"wp-block-heading\" id=\"como-funciona-la-legitimizacion-de-la-firma-para-una-traduccion-jurada\">\u00bfComo funciona la legitimizaci\u00f3n de la firma para una traducci\u00f3n jurada?<\/h2>\n\n\n\n<p>Mediante la <strong>autenticaci\u00f3n o autentificaci\u00f3n de firma (legitimizaci\u00f3n de firma,<\/strong> <a href=\"https:\/\/sarah-schneider-sprachdienste.de\/es\/traduccion-de-la-apostilla-al-aleman\/\" target=\"_blank\" rel=\"noreferrer noopener\"><strong>apostilla<\/strong><\/a> o <strong>legalizaci\u00f3n)<\/strong>, el tribunal que me ha habilitado para realizar traducciones oficiales espa\u00f1ol &lt;&gt; alem\u00e1n confirma que se trata de mi firma, es decir, que la firma es aut\u00e9ntica. Para ello, el tribunal compara la firma de la traducci\u00f3n jurada en papel con la muestra de la firma que present\u00e9 personalmente y que ha quedado archivada en el tribunal. La legitimizaci\u00f3n se refiere \u00fanicamente a la confirmaci\u00f3n de la <strong>autenticidad de mi firma<\/strong>, no al contenido del documento original o de la traducci\u00f3n.<\/p>\n\n\n\n<h2 class=\"wp-block-heading\" id=\"donde-puedo-conseguir-una-apostilla-para-una-traduccion-jurada\">\u00bfD\u00f3nde puedo conseguir una apostilla para una traducci\u00f3n jurada?<\/h2>\n\n\n\n<p><strong>Yo misma he sido jurada por el Tribunal Superior Regional de Colonia (Oberlandesgericht K\u00f6ln<\/strong>, o OLG K\u00f6ln). Sin embargo, mis traducciones al alem\u00e1n <strong>son v\u00e1lidas en toda Alemania<\/strong> y son reconocidas por todas las autoridades p\u00fablicas. Por lo tanto, en principio, es irrelevante el tribunal en el que se me haya nombrado traductora jurada. <strong>Sin embargo, cuando se presenta la traducci\u00f3n al castellano en el extranjero<\/strong>, es importante conocer el organismo que haya jurado al traductor, porque <strong>la solicitud para la legalizaci\u00f3n de la firma debe presentarse ante el mismo tribunal en el que se haya nombrado jurado.<\/strong> En mi caso, el organismo competente es<a rel=\"noreferrer noopener\" href=\"https:\/\/www.lg-koeln.nrw.de\/aufgaben\/060_dienste\/030_apostillen_legalisationen\/index.php\" target=\"_blank\"><strong> la oficina de apostillas y legalizaciones del Audiencia Provincial de Colonia<\/strong><\/a>.<\/p>\n\n\n\n<h2 class=\"wp-block-heading\" id=\"como-solicito-la-apostilla-para-una-traduccion-jurada\">\u00bfC\u00f3mo solicito la apostilla para una traducci\u00f3n jurada?<\/h2>\n\n\n\n<p>La legitimiaci\u00f3n de la firma podr\u00e1 <strong>obtenerse por correo postal.<\/strong> Para ello, env\u00ede mi traducci\u00f3n junto con una carta firmada con sus datos personales (nombre, direcci\u00f3n completa, n\u00famero de tel\u00e9fono) a la siguiente direcci\u00f3n:<\/p>\n\n\n\n<p><strong>Landgericht K\u00f6ln<\/strong><br><strong>Apostillenstelle<\/strong><br>Luxemburger Str. 101<br>50939 K\u00f6ln<\/p>\n\n\n\n<h2 class=\"wp-block-heading\" id=\"puede-el-traductor-directamente-tramitar-la-legalizacion-por-mi\">\u00bfPuede el traductor directamente tramitar la legalizaci\u00f3n por m\u00ed?<\/h2>\n\n\n\n<p>Si ya sabe que necesita una traducci\u00f3n jurada con legalizaci\u00f3n de firma<strong>, sin problema, podr\u00e9 solicitar la apostilla directamente despu\u00e9s de traducir sus documentos del alem\u00e1n al espa\u00f1ol.<\/strong> Para ello, por favor, env\u00edeme <a href=\"https:\/\/sarah-schneider-sprachdienste.de\/es\/contacto\/\" target=\"_blank\" rel=\"noreferrer noopener\">por correo electr\u00f3nico <\/a>una carta firmada y escaneada con sus datos personales (nombre y direcci\u00f3n completos). Adem\u00e1s, en dicha carta, tendr\u00eda que autorizarme para remitir los documentos al tribunal y declararse conforme con que el tribunal le env\u00ede directamente los documentos certificados junto con la minuta.<\/p>\n\n\n\n<p><strong>El coste<\/strong> del procedimiento es, en la actualidad, de <strong>25,00 euros<\/strong> <strong>por traducci\u00f3n apostillada<\/strong> y el tr\u00e1mite tarda unos <strong>2 d\u00edas h\u00e1biles<\/strong>&nbsp;(con fecha de abril de 2020, a tener en cuenta el tiempo de env\u00edo de aprox. 2 d\u00edas h\u00e1biles respectivamente, env\u00edo al tribunal + env\u00edo de retorno).<\/p>\n\n\n\n<p><strong>Si necesita ayuda para obtener la legalizaci\u00f3n de la firma para una de mis traducciones juradas, quedo a su disposici\u00f3n.<\/strong><\/p>\n\n\n\n<h2 class=\"wp-block-heading\" id=\"presentacion-de-una-traduccion-jurada-al-espanol-ante-el-consulado-de-espana-en-berlin\">2) Presentaci\u00f3n de una traducci\u00f3n jurada al espa\u00f1ol ante el Consulado de Espa\u00f1a en Berl\u00edn<\/h2>\n\n\n\n<p>Si desea <strong>presentar mi traducci\u00f3n<\/strong> en el <strong>Consulado espa\u00f1ol de Berl\u00edn<\/strong>, <strong>en principio, no es necesario la legalizaci\u00f3n. Figuro en la lista de traductores oficiales publicada por el Consulado de Espa\u00f1a de Berl\u00edn<\/strong>. El consulado dispone de una <strong>muestra de mi firma y sello<\/strong> (<a href=\"https:\/\/www.exteriores.gob.es\/DocumentosAuxiliaresSC\/Alemania\/BERL%C3%8DN%20(E)\/TRADUCTORES.pdf\" target=\"_blank\" rel=\"noreferrer noopener\">lista de traductores jurados, p\u00e1gina 9, en 6.\u00b0 lugar<\/a>).<\/p>\n\n\n\n<h2 class=\"wp-block-heading\" id=\"traduccion-jurada-del-aleman-al-espanol-por-un-traductor-jurado-por-el-ministerio-de-exteriores-y-cooperacion-espanol\">3) Traducci\u00f3n jurada del alem\u00e1n al espa\u00f1ol por un traductor jurado por el Ministerio de Asuntos Exteriores y Cooperaci\u00f3n de Espa\u00f1a<\/h2>\n\n\n\n<p>A veces, dependiendo del tr\u00e1mite que necesitamos llevar a cabo, es necesario que la traducci\u00f3n para su presentaci\u00f3n ante un organismo espa\u00f1ol, tenga que ir jurada por un traductor jurado en Espa\u00f1a (<a href=\"https:\/\/www.exteriores.gob.es\/es\/ServiciosAlCiudadano\/Paginas\/Buscador-STIJ.aspx\" target=\"_blank\" rel=\"noreferrer noopener\">Ministerio de Asuntos Exteriores y Cooperaci\u00f3n, MAEC<\/a>). En el 2024 he sido nombrada \u00abtraductora jurada\u00bb por dicho organismo estatal y le puedo proporcionar una traducci\u00f3n jurada para su presentaci\u00f3n ante cualquier organismo p\u00fablico espa\u00f1ol. Tambi\u00e9n dispongo de una firma electr\u00f3nica FNMT con la que no es necesario imprimir y enviar las traducciones por correo postal.<\/p>\n\n\n\n<h2 class=\"wp-block-heading\" id=\"traduccion-notarial-traducciones-certificadas-ante-notario\">Traducci\u00f3n notarial: <strong>traducciones certificadas ante notario<\/strong><\/h2>\n\n\n\n<p>Es posible que sea necesaria la certificaci\u00f3n por parte de un notario de la firma y la habilitaci\u00f3n (el juramento) del traductor. Para ello, el traductor habr\u00e1 de presentarse junto a la traducci\u00f3n ante el notario y firmarla junto al notario. En caso de que necesite una <strong>traducci\u00f3n notarial<\/strong>, h\u00e1gamelo saber y le ayudar\u00e9 encantada.<\/p>\n\n\n\n<p><strong>Contacto: <a href=\"mailto:post@sarah-schneider.eu\" target=\"_blank\" rel=\"noreferrer noopener\">post@sarah-schneider.eu<\/a><\/strong><\/p>\n\n\n\n<p><strong>Tel\u00e9fono y whatsapp: 0049 (0) 1525 89 31 895<\/strong><\/p>\n\n\n\n<div class=\"wpcf7 no-js\" id=\"wpcf7-f160-o1\" lang=\"es-ES\" dir=\"ltr\" data-wpcf7-id=\"160\">\n<div class=\"screen-reader-response\"><p role=\"status\" aria-live=\"polite\" aria-atomic=\"true\"><\/p> <ul><\/ul><\/div>\n<form action=\"\/es\/wp-json\/wp\/v2\/posts\/62#wpcf7-f160-o1\" method=\"post\" class=\"wpcf7-form init\" aria-label=\"Formulario de contacto\" enctype=\"multipart\/form-data\" novalidate=\"novalidate\" data-status=\"init\">\n<fieldset class=\"hidden-fields-container\"><input type=\"hidden\" name=\"_wpcf7\" value=\"160\" \/><input type=\"hidden\" name=\"_wpcf7_version\" value=\"6.1.5\" \/><input type=\"hidden\" name=\"_wpcf7_locale\" value=\"es_ES\" \/><input type=\"hidden\" name=\"_wpcf7_unit_tag\" value=\"wpcf7-f160-o1\" \/><input type=\"hidden\" name=\"_wpcf7_container_post\" value=\"0\" \/><input type=\"hidden\" name=\"_wpcf7_posted_data_hash\" value=\"\" \/><input type=\"hidden\" name=\"_wpcf7cf_hidden_group_fields\" value=\"[]\" \/><input type=\"hidden\" name=\"_wpcf7cf_hidden_groups\" value=\"[]\" \/><input type=\"hidden\" name=\"_wpcf7cf_visible_groups\" value=\"[]\" \/><input type=\"hidden\" name=\"_wpcf7cf_repeaters\" value=\"[]\" \/><input type=\"hidden\" name=\"_wpcf7cf_steps\" value=\"{}\" \/><input type=\"hidden\" name=\"_wpcf7cf_options\" value=\"{&quot;form_id&quot;:160,&quot;conditions&quot;:[{&quot;then_field&quot;:&quot;Opcion_esp&quot;,&quot;and_rules&quot;:[{&quot;if_field&quot;:&quot;idiomas&quot;,&quot;operator&quot;:&quot;equals&quot;,&quot;if_value&quot;:&quot;alem\\u00e1n &gt; espa\\u00f1ol&quot;}]}],&quot;settings&quot;:{&quot;animation&quot;:&quot;yes&quot;,&quot;animation_intime&quot;:200,&quot;animation_outtime&quot;:200,&quot;conditions_ui&quot;:&quot;normal&quot;,&quot;notice_dismissed&quot;:false,&quot;notice_dismissed_rollback-cf7-5.9.4&quot;:true}}\" \/>\n<\/fieldset>\n<p><label> Tu email (obligatorio)<\/label><br \/>\n<span class=\"wpcf7-form-control-wrap\" data-name=\"your-email\"><input size=\"40\" maxlength=\"400\" class=\"wpcf7-form-control wpcf7-email wpcf7-validates-as-required wpcf7-text wpcf7-validates-as-email half-cf7\" aria-required=\"true\" aria-invalid=\"false\" value=\"\" type=\"email\" name=\"your-email\" \/><\/span>\n<\/p>\n<p><label> Tu nombre (voluntario)<\/label><br \/>\n<span class=\"wpcf7-form-control-wrap\" data-name=\"your-name\"><input size=\"40\" maxlength=\"400\" class=\"wpcf7-form-control wpcf7-text wpcf7-validates-as-required\" aria-required=\"true\" aria-invalid=\"false\" value=\"\" type=\"text\" name=\"your-name\" \/><\/span>\n<\/p>\n<p><label> Tu mensaje<\/label><br \/>\n<span class=\"wpcf7-form-control-wrap\" data-name=\"your-message\"><textarea cols=\"40\" rows=\"10\" maxlength=\"2000\" class=\"wpcf7-form-control wpcf7-textarea\" aria-invalid=\"false\" name=\"your-message\"><\/textarea><\/span>\n<\/p>\n<p><label>Adjuntar documento a traducir para obtener presupuesto:<\/label><br \/>\n<label>Tama\u00f1o m\u00e1ximo del documento 23mb. Si el documento es mas grande env\u00edelo directo al email: post@sarah-schneider.eu<br \/>\nGu\u00eda para escanear <a href=\"https:\/\/sarah-schneider-sprachdienste.de\/es\/guia-para-escanear-documentos-para-su-traduccion-jurada\/\" target=\"_blank\"> documentos para traducciones juradas.<\/a><\/label><br \/>\n<div id=\"mfcf7_zl_multifilecontainer\"><span class=\"mfcf7-zl-multiline-sample\" style=\"display:none\"><p class=\"wpcf7-form-control-wrap files\"><input size=\"40\" class=\"wpcf7-form-control wpcf7-multilinefile wpcf7-validates-as-required\" multiple=\"multiple\" value=\"Subir archivos\" aria-required=\"true\" aria-invalid=\"false\" type=\"file\" name=\"files[]\" \/> <span class=\"mfcf7-zl-multifile-name\"><\/span><a href=\"javascript:void(0);\" class=\"mfcf7_zl_delete_file\"><span class=\"delete-file\" aria-hidden=\"true\">&#x274C;<\/span><\/a><\/p><\/span><\/div><span class=\"wpcf7-form-control-wrap zl-form-control-wrap files\"><input size=\"40\" class=\"wpcf7-form-control wpcf7-multilinefile wpcf7-validates-as-required\" multiple=\"multiple\" value=\"Subir archivos\" aria-required=\"true\" aria-invalid=\"false\" type=\"file\" name=\"files[]\" \/> <span class=\"mfcf7-zl-multifile-name\"><\/span><a href=\"javascript:void(0);\" class=\"mfcf7_zl_delete_file\"><span class=\"delete-file\" aria-hidden=\"true\">&#x274C;<\/span><\/a><\/span><p><label><span class=\"wpcf7-form-control-wrap\" data-name=\"files-zl-mfcf7-upld-btn\"><input type=\"button\" name=\"files-zl-mfcf7-upld-btn\" class=\"button button-primary qbutton\" id=\"mfcf7_zl_add_file\" value=\"Subir archivos\"><\/span><\/label><\/p>\n<\/p>\n<p><label>Tipo de traducci\u00f3n:<\/label><br \/>\n<span class=\"wpcf7-form-control-wrap\" data-name=\"tipo-traduccion\"><select class=\"wpcf7-form-control wpcf7-select wpcf7-validates-as-required\" aria-required=\"true\" aria-invalid=\"false\" name=\"tipo-traduccion\"><option value=\"Traducci\u00f3n jurada\">Traducci\u00f3n jurada<\/option><option value=\"Traducci\u00f3n simple\">Traducci\u00f3n simple<\/option><\/select><\/span>\n<\/p>\n<p><label>Combinaci\u00f3n de idiomas:<\/label><br \/>\n<span class=\"wpcf7-form-control-wrap\" data-name=\"idiomas\"><select class=\"wpcf7-form-control wpcf7-select wpcf7-validates-as-required\" aria-required=\"true\" aria-invalid=\"false\" name=\"idiomas\"><option value=\"espa\u00f1ol &gt; alem\u00e1n\">espa\u00f1ol &gt; alem\u00e1n<\/option><option value=\"alem\u00e1n &gt; espa\u00f1ol\">alem\u00e1n &gt; espa\u00f1ol<\/option><\/select><\/span>\n<\/p>\n<div data-id=\"Opcion_esp\" data-orig_data_id=\"Opcion_esp\" data-clear_on_hide class=\"\" data-class=\"wpcf7cf_group\">\n\t<p><label> Pa\u00eds:<\/label><br \/>\n<span class=\"wpcf7-form-control-wrap\" data-name=\"pais\"><select class=\"wpcf7-form-control wpcf7-select\" aria-invalid=\"false\" name=\"pais\"><option value=\"No Seleccionado\">No Seleccionado<\/option><option value=\"Espa\u00f1a\">Espa\u00f1a<\/option><option value=\"Rep\u00fablica Dominicana o Cuba\">Rep\u00fablica Dominicana o Cuba<\/option><option value=\"Otros pa\u00edses en Latinoam\u00e9rica\">Otros pa\u00edses en Latinoam\u00e9rica<\/option><\/select><\/span>\n\t<\/p>\n<\/div>\n<p><label>Necesito la traducci\u00f3n como muy tarde el d\u00eda:<\/label><br \/>\n<span class=\"wpcf7-form-control-wrap\" data-name=\"fecha-limite\"><input class=\"wpcf7-form-control wpcf7-date wpcf7-validates-as-date\" aria-invalid=\"false\" value=\"\" type=\"date\" name=\"fecha-limite\" \/><\/span>\n<\/p>\n<p><label>Otras opciones:<\/label><br \/>\n<span class=\"wpcf7-form-control-wrap\" data-name=\"opciones\"><span class=\"wpcf7-form-control wpcf7-checkbox\"><span class=\"wpcf7-list-item first\"><label><input type=\"checkbox\" name=\"opciones[]\" value=\"Solo versi\u00f3n con firma digital\" \/><span class=\"wpcf7-list-item-label\">Solo versi\u00f3n con firma digital<\/span><\/label><\/span><span class=\"wpcf7-list-item\"><label><input type=\"checkbox\" name=\"opciones[]\" value=\"Digital &amp; en papel\" \/><span class=\"wpcf7-list-item-label\">Digital &amp; en papel<\/span><\/label><\/span><span class=\"wpcf7-list-item\"><label><input type=\"checkbox\" name=\"opciones[]\" value=\"Solamente en papel\" \/><span class=\"wpcf7-list-item-label\">Solamente en papel<\/span><\/label><\/span><span class=\"wpcf7-list-item\"><label><input type=\"checkbox\" name=\"opciones[]\" value=\"Env\u00edo postal al extranjero (fuera de Alemania)\" \/><span class=\"wpcf7-list-item-label\">Env\u00edo postal al extranjero (fuera de Alemania)<\/span><\/label><\/span><span class=\"wpcf7-list-item last\"><label><input type=\"checkbox\" name=\"opciones[]\" value=\"Necesito un ejemplar adicional de cada traducci\u00f3n\" \/><span class=\"wpcf7-list-item-label\">Necesito un ejemplar adicional de cada traducci\u00f3n<\/span><\/label><\/span><\/span><\/span>\n<\/p>\n<p><span class=\"wpcf7-form-control-wrap\" data-name=\"acceptance-8\"><span class=\"wpcf7-form-control wpcf7-acceptance\"><span class=\"wpcf7-list-item\"><input type=\"checkbox\" name=\"acceptance-8\" value=\"1\" aria-invalid=\"false\" \/><\/span><\/span><\/span><a href=\"\/es\/proteccion-de-datos\/\" target=\"_blank\" rel=\"noreferrer noopener\" aria-label=\"Protecci\u00f3n de datos (se abre en una nueva pesta\u00f1a)\">He le\u00eddo la declaraci\u00f3n de protecci\u00f3n de datos y la informaci\u00f3n sobre el tratamiento de mis datos personales y acepto.<\/a>\n<\/p>\n<p>Si contacta conmigo a trav\u00e9s del formulario de contacto, por favor compruebe tambi\u00e9n la carpeta spam de su cuenta de correo.\n<\/p>\n<p><span id=\"wpcf7-69efa310322a5-wrapper\" class=\"wpcf7-form-control-wrap proteccion-wrap\" ><input type=\"hidden\" name=\"proteccion-time-start\" value=\"1777312528\"><input type=\"hidden\" name=\"proteccion-time-check\" value=\"3\"><input id=\"wpcf7-69efa310322a5-field\"  class=\"wpcf7-form-control wpcf7-text\" type=\"text\" name=\"proteccion\" value=\"\" size=\"40\" tabindex=\"-1\" autocomplete=\"off\" \/><\/span>\n<\/p>\n<p><input class=\"wpcf7-form-control wpcf7-submit has-spinner wp-block-button__link has-text-color wp-element-button\" type=\"submit\" value=\"Enviar\" \/>\n<\/p><p style=\"display: none !important;\" class=\"akismet-fields-container\" data-prefix=\"_wpcf7_ak_\"><label>&#916;<textarea name=\"_wpcf7_ak_hp_textarea\" cols=\"45\" rows=\"8\" maxlength=\"100\"><\/textarea><\/label><input type=\"hidden\" id=\"ak_js_1\" name=\"_wpcf7_ak_js\" value=\"190\"\/><script type=\"text\/javascript\">\n\/* <![CDATA[ *\/\ndocument.getElementById( \"ak_js_1\" ).setAttribute( \"value\", ( new Date() ).getTime() );\n\/* ]]> *\/\n<\/script>\n<\/p><div class=\"wpcf7-response-output\" aria-hidden=\"true\"><\/div>\n<\/form>\n<\/div>\n\n","protected":false},"excerpt":{"rendered":"<p>Conoce todo lo que tenemos que tener en cuenta a la hora de presentar una traducci\u00f3n jurada del alem\u00e1n al espa\u00f1ol en el extranjero o en un consulado\/una embajada: autentificaci\u00f3n de firma del traductor.<\/p>\n","protected":false},"author":1,"featured_media":47,"comment_status":"open","ping_status":"open","sticky":false,"template":"","format":"standard","meta":{"footnotes":""},"categories":[5,7,6,8],"tags":[],"class_list":["post-62","post","type-post","status-publish","format-standard","has-post-thumbnail","hentry","category-legalizacion","category-traduccion-certificada","category-traduccion-jurada","category-traduccion-oficial"],"yoast_head":"<!-- This site is optimized with the Yoast SEO plugin v27.4 - https:\/\/yoast.com\/product\/yoast-seo-wordpress\/ -->\n<title>Traducci\u00f3n jurada del alem\u00e1n al espa\u00f1ol -<\/title>\n<meta name=\"description\" content=\"Todo lo que tenemos que tener en cuenta a la hora de presentar una traducci\u00f3n jurada del alem\u00e1n al espa\u00f1ol en el extranjero o en un consulado\/una embajada\" \/>\n<meta name=\"robots\" content=\"index, follow, max-snippet:-1, max-image-preview:large, max-video-preview:-1\" \/>\n<link rel=\"canonical\" href=\"https:\/\/sarah-schneider-sprachdienste.de\/es\/traduccion-jurada-aleman-espanol\/\" \/>\n<meta property=\"og:locale\" content=\"es_ES\" \/>\n<meta property=\"og:type\" content=\"article\" \/>\n<meta property=\"og:title\" content=\"Traducci\u00f3n jurada del alem\u00e1n al espa\u00f1ol -\" \/>\n<meta property=\"og:description\" content=\"Todo lo que tenemos que tener en cuenta a la hora de presentar una traducci\u00f3n jurada del alem\u00e1n al espa\u00f1ol en el extranjero o en un consulado\/una embajada\" \/>\n<meta property=\"og:url\" content=\"https:\/\/sarah-schneider-sprachdienste.de\/es\/traduccion-jurada-aleman-espanol\/\" \/>\n<meta property=\"og:site_name\" content=\"Sarah Schneider Sprachdienste - Servicios Ling\u00fc\u00edsticos\" \/>\n<meta property=\"article:published_time\" content=\"2021-06-16T11:27:15+00:00\" \/>\n<meta property=\"article:modified_time\" content=\"2025-06-24T09:40:47+00:00\" \/>\n<meta property=\"og:image\" content=\"https:\/\/sarah-schneider-sprachdienste.de\/wp-content\/uploads\/Sarah-Schneider-Sprachdienste-08.png\" \/>\n\t<meta property=\"og:image:width\" content=\"924\" \/>\n\t<meta property=\"og:image:height\" content=\"450\" \/>\n\t<meta property=\"og:image:type\" content=\"image\/png\" \/>\n<meta name=\"author\" content=\"Sarah Schneider, M.A., erm\u00e4chtigte \u00dcbersetzerin f\u00fcr die spanische Sprache\" \/>\n<meta name=\"twitter:card\" content=\"summary_large_image\" \/>\n<meta name=\"twitter:label1\" content=\"Escrito por\" \/>\n\t<meta name=\"twitter:data1\" content=\"Sarah Schneider, M.A., erm\u00e4chtigte \u00dcbersetzerin f\u00fcr die spanische Sprache\" \/>\n\t<meta name=\"twitter:label2\" content=\"Tiempo de lectura\" \/>\n\t<meta name=\"twitter:data2\" content=\"5 minutos\" \/>\n<script type=\"application\/ld+json\" class=\"yoast-schema-graph\">{\"@context\":\"https:\\\/\\\/schema.org\",\"@graph\":[{\"@type\":\"Article\",\"@id\":\"https:\\\/\\\/sarah-schneider-sprachdienste.de\\\/es\\\/traduccion-jurada-aleman-espanol\\\/#article\",\"isPartOf\":{\"@id\":\"https:\\\/\\\/sarah-schneider-sprachdienste.de\\\/es\\\/traduccion-jurada-aleman-espanol\\\/\"},\"author\":{\"name\":\"Sarah Schneider, M.A., erm\u00e4chtigte \u00dcbersetzerin f\u00fcr die spanische Sprache\",\"@id\":\"https:\\\/\\\/sarah-schneider-sprachdienste.de\\\/es\\\/#\\\/schema\\\/person\\\/3574b8852bc10be824ce67f91f973c94\"},\"headline\":\"Traducci\u00f3n jurada del alem\u00e1n al espa\u00f1ol\",\"datePublished\":\"2021-06-16T11:27:15+00:00\",\"dateModified\":\"2025-06-24T09:40:47+00:00\",\"mainEntityOfPage\":{\"@id\":\"https:\\\/\\\/sarah-schneider-sprachdienste.de\\\/es\\\/traduccion-jurada-aleman-espanol\\\/\"},\"wordCount\":1087,\"commentCount\":0,\"publisher\":{\"@id\":\"https:\\\/\\\/sarah-schneider-sprachdienste.de\\\/es\\\/#organization\"},\"image\":{\"@id\":\"https:\\\/\\\/sarah-schneider-sprachdienste.de\\\/es\\\/traduccion-jurada-aleman-espanol\\\/#primaryimage\"},\"thumbnailUrl\":\"https:\\\/\\\/sarah-schneider-sprachdienste.de\\\/wp-content\\\/uploads\\\/Sarah-Schneider-Sprachdienste-08.png\",\"articleSection\":[\"Legalizaci\u00f3n\",\"Traducci\u00f3n certificada\",\"Traducci\u00f3n jurada\",\"Traducci\u00f3n oficial\"],\"inLanguage\":\"es\",\"potentialAction\":[{\"@type\":\"CommentAction\",\"name\":\"Comment\",\"target\":[\"https:\\\/\\\/sarah-schneider-sprachdienste.de\\\/es\\\/traduccion-jurada-aleman-espanol\\\/#respond\"]}]},{\"@type\":\"WebPage\",\"@id\":\"https:\\\/\\\/sarah-schneider-sprachdienste.de\\\/es\\\/traduccion-jurada-aleman-espanol\\\/\",\"url\":\"https:\\\/\\\/sarah-schneider-sprachdienste.de\\\/es\\\/traduccion-jurada-aleman-espanol\\\/\",\"name\":\"Traducci\u00f3n jurada del alem\u00e1n al espa\u00f1ol -\",\"isPartOf\":{\"@id\":\"https:\\\/\\\/sarah-schneider-sprachdienste.de\\\/es\\\/#website\"},\"primaryImageOfPage\":{\"@id\":\"https:\\\/\\\/sarah-schneider-sprachdienste.de\\\/es\\\/traduccion-jurada-aleman-espanol\\\/#primaryimage\"},\"image\":{\"@id\":\"https:\\\/\\\/sarah-schneider-sprachdienste.de\\\/es\\\/traduccion-jurada-aleman-espanol\\\/#primaryimage\"},\"thumbnailUrl\":\"https:\\\/\\\/sarah-schneider-sprachdienste.de\\\/wp-content\\\/uploads\\\/Sarah-Schneider-Sprachdienste-08.png\",\"datePublished\":\"2021-06-16T11:27:15+00:00\",\"dateModified\":\"2025-06-24T09:40:47+00:00\",\"description\":\"Todo lo que tenemos que tener en cuenta a la hora de presentar una traducci\u00f3n jurada del alem\u00e1n al espa\u00f1ol en el extranjero o en un consulado\\\/una embajada\",\"breadcrumb\":{\"@id\":\"https:\\\/\\\/sarah-schneider-sprachdienste.de\\\/es\\\/traduccion-jurada-aleman-espanol\\\/#breadcrumb\"},\"inLanguage\":\"es\",\"potentialAction\":[{\"@type\":\"ReadAction\",\"target\":[\"https:\\\/\\\/sarah-schneider-sprachdienste.de\\\/es\\\/traduccion-jurada-aleman-espanol\\\/\"]}]},{\"@type\":\"ImageObject\",\"inLanguage\":\"es\",\"@id\":\"https:\\\/\\\/sarah-schneider-sprachdienste.de\\\/es\\\/traduccion-jurada-aleman-espanol\\\/#primaryimage\",\"url\":\"https:\\\/\\\/sarah-schneider-sprachdienste.de\\\/wp-content\\\/uploads\\\/Sarah-Schneider-Sprachdienste-08.png\",\"contentUrl\":\"https:\\\/\\\/sarah-schneider-sprachdienste.de\\\/wp-content\\\/uploads\\\/Sarah-Schneider-Sprachdienste-08.png\",\"width\":924,\"height\":450},{\"@type\":\"BreadcrumbList\",\"@id\":\"https:\\\/\\\/sarah-schneider-sprachdienste.de\\\/es\\\/traduccion-jurada-aleman-espanol\\\/#breadcrumb\",\"itemListElement\":[{\"@type\":\"ListItem\",\"position\":1,\"name\":\"Portada\",\"item\":\"https:\\\/\\\/sarah-schneider-sprachdienste.de\\\/es\\\/\"},{\"@type\":\"ListItem\",\"position\":2,\"name\":\"Traducci\u00f3n jurada del alem\u00e1n al espa\u00f1ol\"}]},{\"@type\":\"WebSite\",\"@id\":\"https:\\\/\\\/sarah-schneider-sprachdienste.de\\\/es\\\/#website\",\"url\":\"https:\\\/\\\/sarah-schneider-sprachdienste.de\\\/es\\\/\",\"name\":\"Sarah Schneider Sprachdienste - Servicios Ling\u00fc\u00edsticos\",\"description\":\"\",\"publisher\":{\"@id\":\"https:\\\/\\\/sarah-schneider-sprachdienste.de\\\/es\\\/#organization\"},\"potentialAction\":[{\"@type\":\"SearchAction\",\"target\":{\"@type\":\"EntryPoint\",\"urlTemplate\":\"https:\\\/\\\/sarah-schneider-sprachdienste.de\\\/es\\\/?s={search_term_string}\"},\"query-input\":{\"@type\":\"PropertyValueSpecification\",\"valueRequired\":true,\"valueName\":\"search_term_string\"}}],\"inLanguage\":\"es\"},{\"@type\":\"Organization\",\"@id\":\"https:\\\/\\\/sarah-schneider-sprachdienste.de\\\/es\\\/#organization\",\"name\":\"Sarah Schneider Sprachdienste\",\"alternateName\":\"sprachdienste\",\"url\":\"https:\\\/\\\/sarah-schneider-sprachdienste.de\\\/es\\\/\",\"logo\":{\"@type\":\"ImageObject\",\"inLanguage\":\"es\",\"@id\":\"https:\\\/\\\/sarah-schneider-sprachdienste.de\\\/es\\\/#\\\/schema\\\/logo\\\/image\\\/\",\"url\":\"https:\\\/\\\/sarah-schneider-sprachdienste.de\\\/wp-content\\\/uploads\\\/logo-alem_C3_A1-optimizado.png\",\"contentUrl\":\"https:\\\/\\\/sarah-schneider-sprachdienste.de\\\/wp-content\\\/uploads\\\/logo-alem_C3_A1-optimizado.png\",\"width\":636,\"height\":244,\"caption\":\"Sarah Schneider Sprachdienste\"},\"image\":{\"@id\":\"https:\\\/\\\/sarah-schneider-sprachdienste.de\\\/es\\\/#\\\/schema\\\/logo\\\/image\\\/\"}},{\"@type\":\"Person\",\"@id\":\"https:\\\/\\\/sarah-schneider-sprachdienste.de\\\/es\\\/#\\\/schema\\\/person\\\/3574b8852bc10be824ce67f91f973c94\",\"name\":\"Sarah Schneider, M.A., erm\u00e4chtigte \u00dcbersetzerin f\u00fcr die spanische Sprache\",\"image\":{\"@type\":\"ImageObject\",\"inLanguage\":\"es\",\"@id\":\"https:\\\/\\\/secure.gravatar.com\\\/avatar\\\/0a4d97181d7039e5ef62d7e5f95f647b95dbec3d21f21bcc6765232192c12e09?s=96&d=mm&r=g\",\"url\":\"https:\\\/\\\/secure.gravatar.com\\\/avatar\\\/0a4d97181d7039e5ef62d7e5f95f647b95dbec3d21f21bcc6765232192c12e09?s=96&d=mm&r=g\",\"contentUrl\":\"https:\\\/\\\/secure.gravatar.com\\\/avatar\\\/0a4d97181d7039e5ef62d7e5f95f647b95dbec3d21f21bcc6765232192c12e09?s=96&d=mm&r=g\",\"caption\":\"Sarah Schneider, M.A., erm\u00e4chtigte \u00dcbersetzerin f\u00fcr die spanische Sprache\"},\"sameAs\":[\"https:\\\/\\\/sarah-schneider-sprachdienste.de\"],\"url\":\"https:\\\/\\\/sarah-schneider-sprachdienste.de\\\/es\\\/author\\\/sarahtarjetavirtual\\\/\"}]}<\/script>\n<!-- \/ Yoast SEO plugin. -->","yoast_head_json":{"title":"Traducci\u00f3n jurada del alem\u00e1n al espa\u00f1ol -","description":"Todo lo que tenemos que tener en cuenta a la hora de presentar una traducci\u00f3n jurada del alem\u00e1n al espa\u00f1ol en el extranjero o en un consulado\/una embajada","robots":{"index":"index","follow":"follow","max-snippet":"max-snippet:-1","max-image-preview":"max-image-preview:large","max-video-preview":"max-video-preview:-1"},"canonical":"https:\/\/sarah-schneider-sprachdienste.de\/es\/traduccion-jurada-aleman-espanol\/","og_locale":"es_ES","og_type":"article","og_title":"Traducci\u00f3n jurada del alem\u00e1n al espa\u00f1ol -","og_description":"Todo lo que tenemos que tener en cuenta a la hora de presentar una traducci\u00f3n jurada del alem\u00e1n al espa\u00f1ol en el extranjero o en un consulado\/una embajada","og_url":"https:\/\/sarah-schneider-sprachdienste.de\/es\/traduccion-jurada-aleman-espanol\/","og_site_name":"Sarah Schneider Sprachdienste - Servicios Ling\u00fc\u00edsticos","article_published_time":"2021-06-16T11:27:15+00:00","article_modified_time":"2025-06-24T09:40:47+00:00","og_image":[{"width":924,"height":450,"url":"https:\/\/sarah-schneider-sprachdienste.de\/wp-content\/uploads\/Sarah-Schneider-Sprachdienste-08.png","type":"image\/png"}],"author":"Sarah Schneider, M.A., erm\u00e4chtigte \u00dcbersetzerin f\u00fcr die spanische Sprache","twitter_card":"summary_large_image","twitter_misc":{"Escrito por":"Sarah Schneider, M.A., erm\u00e4chtigte \u00dcbersetzerin f\u00fcr die spanische Sprache","Tiempo de lectura":"5 minutos"},"schema":{"@context":"https:\/\/schema.org","@graph":[{"@type":"Article","@id":"https:\/\/sarah-schneider-sprachdienste.de\/es\/traduccion-jurada-aleman-espanol\/#article","isPartOf":{"@id":"https:\/\/sarah-schneider-sprachdienste.de\/es\/traduccion-jurada-aleman-espanol\/"},"author":{"name":"Sarah Schneider, M.A., erm\u00e4chtigte \u00dcbersetzerin f\u00fcr die spanische Sprache","@id":"https:\/\/sarah-schneider-sprachdienste.de\/es\/#\/schema\/person\/3574b8852bc10be824ce67f91f973c94"},"headline":"Traducci\u00f3n jurada del alem\u00e1n al espa\u00f1ol","datePublished":"2021-06-16T11:27:15+00:00","dateModified":"2025-06-24T09:40:47+00:00","mainEntityOfPage":{"@id":"https:\/\/sarah-schneider-sprachdienste.de\/es\/traduccion-jurada-aleman-espanol\/"},"wordCount":1087,"commentCount":0,"publisher":{"@id":"https:\/\/sarah-schneider-sprachdienste.de\/es\/#organization"},"image":{"@id":"https:\/\/sarah-schneider-sprachdienste.de\/es\/traduccion-jurada-aleman-espanol\/#primaryimage"},"thumbnailUrl":"https:\/\/sarah-schneider-sprachdienste.de\/wp-content\/uploads\/Sarah-Schneider-Sprachdienste-08.png","articleSection":["Legalizaci\u00f3n","Traducci\u00f3n certificada","Traducci\u00f3n jurada","Traducci\u00f3n oficial"],"inLanguage":"es","potentialAction":[{"@type":"CommentAction","name":"Comment","target":["https:\/\/sarah-schneider-sprachdienste.de\/es\/traduccion-jurada-aleman-espanol\/#respond"]}]},{"@type":"WebPage","@id":"https:\/\/sarah-schneider-sprachdienste.de\/es\/traduccion-jurada-aleman-espanol\/","url":"https:\/\/sarah-schneider-sprachdienste.de\/es\/traduccion-jurada-aleman-espanol\/","name":"Traducci\u00f3n jurada del alem\u00e1n al espa\u00f1ol -","isPartOf":{"@id":"https:\/\/sarah-schneider-sprachdienste.de\/es\/#website"},"primaryImageOfPage":{"@id":"https:\/\/sarah-schneider-sprachdienste.de\/es\/traduccion-jurada-aleman-espanol\/#primaryimage"},"image":{"@id":"https:\/\/sarah-schneider-sprachdienste.de\/es\/traduccion-jurada-aleman-espanol\/#primaryimage"},"thumbnailUrl":"https:\/\/sarah-schneider-sprachdienste.de\/wp-content\/uploads\/Sarah-Schneider-Sprachdienste-08.png","datePublished":"2021-06-16T11:27:15+00:00","dateModified":"2025-06-24T09:40:47+00:00","description":"Todo lo que tenemos que tener en cuenta a la hora de presentar una traducci\u00f3n jurada del alem\u00e1n al espa\u00f1ol en el extranjero o en un consulado\/una embajada","breadcrumb":{"@id":"https:\/\/sarah-schneider-sprachdienste.de\/es\/traduccion-jurada-aleman-espanol\/#breadcrumb"},"inLanguage":"es","potentialAction":[{"@type":"ReadAction","target":["https:\/\/sarah-schneider-sprachdienste.de\/es\/traduccion-jurada-aleman-espanol\/"]}]},{"@type":"ImageObject","inLanguage":"es","@id":"https:\/\/sarah-schneider-sprachdienste.de\/es\/traduccion-jurada-aleman-espanol\/#primaryimage","url":"https:\/\/sarah-schneider-sprachdienste.de\/wp-content\/uploads\/Sarah-Schneider-Sprachdienste-08.png","contentUrl":"https:\/\/sarah-schneider-sprachdienste.de\/wp-content\/uploads\/Sarah-Schneider-Sprachdienste-08.png","width":924,"height":450},{"@type":"BreadcrumbList","@id":"https:\/\/sarah-schneider-sprachdienste.de\/es\/traduccion-jurada-aleman-espanol\/#breadcrumb","itemListElement":[{"@type":"ListItem","position":1,"name":"Portada","item":"https:\/\/sarah-schneider-sprachdienste.de\/es\/"},{"@type":"ListItem","position":2,"name":"Traducci\u00f3n jurada del alem\u00e1n al espa\u00f1ol"}]},{"@type":"WebSite","@id":"https:\/\/sarah-schneider-sprachdienste.de\/es\/#website","url":"https:\/\/sarah-schneider-sprachdienste.de\/es\/","name":"Sarah Schneider Sprachdienste - Servicios Ling\u00fc\u00edsticos","description":"","publisher":{"@id":"https:\/\/sarah-schneider-sprachdienste.de\/es\/#organization"},"potentialAction":[{"@type":"SearchAction","target":{"@type":"EntryPoint","urlTemplate":"https:\/\/sarah-schneider-sprachdienste.de\/es\/?s={search_term_string}"},"query-input":{"@type":"PropertyValueSpecification","valueRequired":true,"valueName":"search_term_string"}}],"inLanguage":"es"},{"@type":"Organization","@id":"https:\/\/sarah-schneider-sprachdienste.de\/es\/#organization","name":"Sarah Schneider Sprachdienste","alternateName":"sprachdienste","url":"https:\/\/sarah-schneider-sprachdienste.de\/es\/","logo":{"@type":"ImageObject","inLanguage":"es","@id":"https:\/\/sarah-schneider-sprachdienste.de\/es\/#\/schema\/logo\/image\/","url":"https:\/\/sarah-schneider-sprachdienste.de\/wp-content\/uploads\/logo-alem_C3_A1-optimizado.png","contentUrl":"https:\/\/sarah-schneider-sprachdienste.de\/wp-content\/uploads\/logo-alem_C3_A1-optimizado.png","width":636,"height":244,"caption":"Sarah Schneider Sprachdienste"},"image":{"@id":"https:\/\/sarah-schneider-sprachdienste.de\/es\/#\/schema\/logo\/image\/"}},{"@type":"Person","@id":"https:\/\/sarah-schneider-sprachdienste.de\/es\/#\/schema\/person\/3574b8852bc10be824ce67f91f973c94","name":"Sarah Schneider, M.A., erm\u00e4chtigte \u00dcbersetzerin f\u00fcr die spanische Sprache","image":{"@type":"ImageObject","inLanguage":"es","@id":"https:\/\/secure.gravatar.com\/avatar\/0a4d97181d7039e5ef62d7e5f95f647b95dbec3d21f21bcc6765232192c12e09?s=96&d=mm&r=g","url":"https:\/\/secure.gravatar.com\/avatar\/0a4d97181d7039e5ef62d7e5f95f647b95dbec3d21f21bcc6765232192c12e09?s=96&d=mm&r=g","contentUrl":"https:\/\/secure.gravatar.com\/avatar\/0a4d97181d7039e5ef62d7e5f95f647b95dbec3d21f21bcc6765232192c12e09?s=96&d=mm&r=g","caption":"Sarah Schneider, M.A., erm\u00e4chtigte \u00dcbersetzerin f\u00fcr die spanische Sprache"},"sameAs":["https:\/\/sarah-schneider-sprachdienste.de"],"url":"https:\/\/sarah-schneider-sprachdienste.de\/es\/author\/sarahtarjetavirtual\/"}]}},"_links":{"self":[{"href":"https:\/\/sarah-schneider-sprachdienste.de\/es\/wp-json\/wp\/v2\/posts\/62","targetHints":{"allow":["GET"]}}],"collection":[{"href":"https:\/\/sarah-schneider-sprachdienste.de\/es\/wp-json\/wp\/v2\/posts"}],"about":[{"href":"https:\/\/sarah-schneider-sprachdienste.de\/es\/wp-json\/wp\/v2\/types\/post"}],"author":[{"embeddable":true,"href":"https:\/\/sarah-schneider-sprachdienste.de\/es\/wp-json\/wp\/v2\/users\/1"}],"replies":[{"embeddable":true,"href":"https:\/\/sarah-schneider-sprachdienste.de\/es\/wp-json\/wp\/v2\/comments?post=62"}],"version-history":[{"count":12,"href":"https:\/\/sarah-schneider-sprachdienste.de\/es\/wp-json\/wp\/v2\/posts\/62\/revisions"}],"predecessor-version":[{"id":27438,"href":"https:\/\/sarah-schneider-sprachdienste.de\/es\/wp-json\/wp\/v2\/posts\/62\/revisions\/27438"}],"wp:featuredmedia":[{"embeddable":true,"href":"https:\/\/sarah-schneider-sprachdienste.de\/es\/wp-json\/wp\/v2\/media\/47"}],"wp:attachment":[{"href":"https:\/\/sarah-schneider-sprachdienste.de\/es\/wp-json\/wp\/v2\/media?parent=62"}],"wp:term":[{"taxonomy":"category","embeddable":true,"href":"https:\/\/sarah-schneider-sprachdienste.de\/es\/wp-json\/wp\/v2\/categories?post=62"},{"taxonomy":"post_tag","embeddable":true,"href":"https:\/\/sarah-schneider-sprachdienste.de\/es\/wp-json\/wp\/v2\/tags?post=62"}],"curies":[{"name":"wp","href":"https:\/\/api.w.org\/{rel}","templated":true}]}}