{"id":746,"date":"2021-12-07T11:55:36","date_gmt":"2021-12-07T11:55:36","guid":{"rendered":"https:\/\/sarah-schneider-sprachdienste.de\/?p=746"},"modified":"2024-05-21T12:33:29","modified_gmt":"2024-05-21T12:33:29","slug":"apostilla-para-traducciones-juradas","status":"publish","type":"post","link":"https:\/\/sarah-schneider-sprachdienste.de\/es\/apostilla-para-traducciones-juradas\/","title":{"rendered":"Presentaci\u00f3n de documentos oficiales alemanes en el extranjero"},"content":{"rendered":"\n<p>\u00bfNecesita presentar un documento oficial, judicial o notarial expedido en Alemania ante una autoridad p\u00fablica en un pa\u00eds extranjero de habla hispana? Hay que tener en cuenta una serie de cosas en funci\u00f3n del lugar donde se vaya a presentar el documento.<\/p>\n\n\n\n<p><strong>Los documentos que tengan que presentarse en el extranjero o ante una misi\u00f3n diplom\u00e1tica (embajada) u oficina consular <\/strong>son, por ejemplo: <strong>contratos de compraventa<\/strong> de inmuebles o <strong>poderes<\/strong> de diversos tipos (poder de curador, poder especial, poder general etc.). Tambi\u00e9n, sentencias de divorcio, convenios reguladores, documentos relativos al <strong>patrimonio<\/strong> y a <strong>la determinaci\u00f3n de herederos<\/strong>. Eso pueden ser: certificado de defunci\u00f3n, certificado de nacimiento, certificado de matrimonio, testamento, <strong>\u00f3rden<\/strong> <strong>judicial<\/strong>, etc., as\u00ed como sentencias y decisiones judiciales; aparte de documentos vinculados a la <strong>fundaci\u00f3n de una empresa<\/strong> (contratos sociales, acuerdos de accionistas, estatutos, etc.); <strong>o documentos fiscales<\/strong> (notificaci\u00f3n de liquidaci\u00f3n de impuestos, balances, cuentas anuales, etc.).<\/p>\n\n\n\n<p>Estos documentos no pueden ser solamente traducidos y presentados directamente en el extranjero, sino que hay que obtener una legalizaci\u00f3n de las firmas. Para este procedimiento se llevan a cabo <strong>3 pasos:<\/strong><\/p>\n\n\n\n<h2 class=\"wp-block-heading\" id=\"primer-paso-legalizacion-de-la-firma-del-documento-original-o-acta\"><strong><u>Primer paso: legalizaci\u00f3n de la firma del documento original o acta<\/u><\/strong><\/h2>\n\n\n\n<p><strong>Documentos oficiales y judiciales:<\/strong><\/p>\n\n\n\n<p><strong>Legalizaci\u00f3n de la firma del notario<\/strong>: las autoridades extranjeras no tienen la posibilidad de verificar la firma de un notario alem\u00e1n. Por lo tanto, este paso debe realizarse en Alemania una vez se haya redactado el documento y <strong>antes de realizar la traducci\u00f3n<\/strong>. El responsable es el tribunal que &nbsp;ha designado al notario. Los tribunales suelen tardar entre 3 y 4 d\u00edas laborables en emitirla y, por lo general, la solicitud tambi\u00e9n puede enviarse por correo.<\/p>\n\n\n\n<p>Al solicitar la certificaci\u00f3n de la firma, es imprescindible indicar el pa\u00eds en el que se presentar\u00e1 el documento. El principal motivo es que hay que averiguar si hay que solicitar una <strong><u>apostilla o una legalizaci\u00f3n<\/u><\/strong> ante los tribunales. Esto var\u00eda en funci\u00f3n del pa\u00eds de destino.<\/p>\n\n\n\n<p>Para los pa\u00edses de habla hispana:<\/p>\n\n\n\n<p><strong><u>APOSTILLA<\/u><\/strong><\/p>\n\n\n\n<p><strong><u>Los siguientes pa\u00edses de habla hispana forman parte del Convenio de La Haya:<\/u><\/strong><\/p>\n\n\n\n<p><strong>Argentina, Chile, Costa Rica, Espa\u00f1a, Guatemala, Honduras, M\u00e9xico, Panam\u00e1, Paraguay (desde el 6 de enero de 2022) Per\u00fa, Uruguay, Venezuela<\/strong><\/p>\n\n\n\n<p><\/p>\n\n\n\n<p><strong><u>LEGALIZACI\u00d3N<\/u><\/strong><\/p>\n\n\n\n<p><strong><u>Para los siguientes pa\u00edses es necesario solicitar la legalizaci\u00f3n:<\/u><\/strong><\/p>\n\n\n\n<p>La <strong>Rep\u00fablica Dominicana<\/strong> es el \u00fanico pa\u00eds latinoamericano para el que hace falta una legalizaci\u00f3n en vez de apostilla. <\/p>\n\n\n\n<p><a href=\"https:\/\/www.dnoti.de\/fileadmin\/user_upload\/Arbeitshilfen\/IPR-und-auslaendisches-Recht\/Legalisation_und_Apostille.pdf\" target=\"_blank\" rel=\"noreferrer noopener\">Lista completa de todos los pa\u00edses<\/a>.<\/p>\n\n\n\n<h2 class=\"wp-block-heading\" id=\"paso-2-traduccion-jurada-certificada-u-oficial\"><strong><u>Paso 2: traducci\u00f3n jurada, certificada u oficial<\/u><\/strong><\/h2>\n\n\n\n<p>Todos estos t\u00e9rminos se refieren al mismo tipo de traducci\u00f3n, conocida popularmente como \u00abtraducci\u00f3n jurada\u00bb. La traducci\u00f3n la realiza un <strong>traductor autorizado por el tribunal<\/strong>, <strong>jurado o certificado<\/strong> (las denominaciones var\u00edan seg\u00fan el estado federal). Los traductores autorizados est\u00e1n registrados en <a href=\"http:\/\/www.justiz-dolmetscher.de\">http:\/\/www.justiz-dolmetscher.de<\/a>. Se aconseja contratar a un traductor en funci\u00f3n de su especializaci\u00f3n (Derecho o m\u00e1s espec\u00edfico si es necesario). Pertenecer a una asociaci\u00f3n profesional, por ejemplo, a la Asociaci\u00f3n federal de Traductores e Interpretes (BD\u00dc), es tambi\u00e9n un signo de calidad.<\/p>\n\n\n\n<p>El <strong><a href=\"https:\/\/sarah-schneider-sprachdienste.de\/es\/costes-de-una-traduccion\/\" target=\"_blank\" rel=\"noreferrer noopener\">precio de la traducci\u00f3n jurada<\/a><\/strong> depende del n\u00famero de palabras o l\u00edneas, del \u00e1rea de especializaci\u00f3n o nivel de dificultad y del esfuerzo de documentaci\u00f3n y formateo. Por lo tanto, siempre debe obtenerse un presupuesto individual. Para ello, el documento debe contener ya la certificaci\u00f3n, todos los anexos y tener la apostilla o la legalizaci\u00f3n.<\/p>\n\n\n\n<h2 class=\"wp-block-heading\" id=\"paso-3-legalizacion-de-la-firma-del-traductor\"><strong><u>Paso 3: legalizaci\u00f3n de la firma del traductor<\/u><\/strong><\/h2>\n\n\n\n<p>Una vez se realice la traducci\u00f3n jurada, se debe <strong>legalizar la firma del traductor (<a href=\"https:\/\/www.lg-koeln.nrw.de\/aufgaben\/060_dienste\/030_apostillen_legalisationen\/index.php\" target=\"_blank\" rel=\"noreferrer noopener\">certificaci\u00f3n extranjera<\/a>).<\/strong> En nuestro caso, nosotras nos podemos encargar de llevar a cabo este proceso para su comodidad o la de su cliente. El tribunal competente es de nuevo el <strong>tribunal de distrito.<\/strong> Al solicitar la certificaci\u00f3n, tambi\u00e9n es esencial indicar el pa\u00eds de destino en el que se va a presentar el documento. Adem\u00e1s, hay que decidir si se necesita una apostilla o una legalizaci\u00f3n, seg\u00fan el pa\u00eds en el que se vaya a presentar la traducci\u00f3n.<\/p>\n\n\n\n<h2 class=\"wp-block-heading\" id=\"resumen-presentar-documentos-alemanes-en-el-extranjero\"><strong><u>Resumen: presentar documentos alemanes en el extranjero<\/u><\/strong><\/h2>\n\n\n\n<ul class=\"wp-block-list\">\n<li><strong><u>Paso 1<\/u><\/strong>: <strong>certificaci\u00f3n de la firma en el documento original \/ acta<\/strong> (documentos oficiales\/judiciales: organismos expedidores; notarios: tribunal que realiz\u00f3 el nombramiento).<\/li>\n\n\n\n<li><strong><u>Paso 2: <\/u>traducci\u00f3n jurada<\/strong>, certificada u oficial. (El traductor debe figurar en <a href=\"http:\/\/www.justizdolmetscher.de\">www.justizdolmetscher.de<\/a> con una autorizaci\u00f3n \/ juramento v\u00e1lido).<\/li>\n\n\n\n<li><strong><strong>Paso 3<\/strong>: legalizaci\u00f3n de la firma del traductor<\/strong>. (Este paso podemos gestionarlo nosotras).<\/li>\n<\/ul>\n\n\n\n<h2 class=\"wp-block-heading\" id=\"presentar-documentos-de-las-autoridades-alemanas-en-espana\"><strong>Presentar documentos de las autoridades alemanas en Espa\u00f1a<\/strong><\/h2>\n\n\n\n<p>Para presentar documentos en Espa\u00f1a colaboro con una traductora jurada nombrada por el Ministerio de Asuntos Exteriores y Cooperaci\u00f3n que firmar\u00e1 sus traducciones <strong>digitalmente<u>. Esto evita el proceso de legalizaci\u00f3n de la firma del traductor y el servicio postal,<\/u><\/strong> lo que no solo disminuye el coste del servicio sino tambi\u00e9n el tiempo de trabajo.<\/p>\n\n\n\n<p>Tengo una amplia experiencia en la presentaci\u00f3n de certificados y documentos oficiales alemanes en pa\u00edses de habla hispana, por lo que estar\u00e9 encantada de ayudarle en el proceso.<\/p>\n\n\n\n<p>Si tiene alguna pregunta, no dude en ponerse en contacto conmigo a post@sarah-schneider.eu o al +49 (0) 1525 89 31 895.<\/p>\n\n\n\n<p>Tambi\u00e9n puede obtener m\u00e1s informaci\u00f3n sobre el tema en el siguiente enlace del <a href=\"https:\/\/www.exteriores.gob.es\/en\/Paginas\/index.aspx\">Ministerio de Asuntos Exteriores y Cooperaci\u00f3n.<\/a><\/p>\n\n\n\n<p> \u00bf Necesita ayuda? <\/p>\n\n\n\n<div class=\"wp-block-contact-form-7-contact-form-selector\">\n<div class=\"wpcf7 no-js\" id=\"wpcf7-f160-o1\" lang=\"es-ES\" dir=\"ltr\" data-wpcf7-id=\"160\">\n<div class=\"screen-reader-response\"><p role=\"status\" aria-live=\"polite\" aria-atomic=\"true\"><\/p> <ul><\/ul><\/div>\n<form action=\"\/es\/wp-json\/wp\/v2\/posts\/746#wpcf7-f160-o1\" method=\"post\" class=\"wpcf7-form init\" aria-label=\"Formulario de contacto\" enctype=\"multipart\/form-data\" novalidate=\"novalidate\" data-status=\"init\">\n<fieldset class=\"hidden-fields-container\"><input type=\"hidden\" name=\"_wpcf7\" value=\"160\" \/><input type=\"hidden\" name=\"_wpcf7_version\" value=\"6.1.5\" \/><input type=\"hidden\" name=\"_wpcf7_locale\" value=\"es_ES\" \/><input type=\"hidden\" name=\"_wpcf7_unit_tag\" value=\"wpcf7-f160-o1\" \/><input type=\"hidden\" name=\"_wpcf7_container_post\" value=\"0\" \/><input type=\"hidden\" name=\"_wpcf7_posted_data_hash\" value=\"\" \/><input type=\"hidden\" name=\"_wpcf7cf_hidden_group_fields\" value=\"[]\" \/><input type=\"hidden\" name=\"_wpcf7cf_hidden_groups\" value=\"[]\" \/><input type=\"hidden\" name=\"_wpcf7cf_visible_groups\" value=\"[]\" \/><input type=\"hidden\" name=\"_wpcf7cf_repeaters\" value=\"[]\" \/><input type=\"hidden\" name=\"_wpcf7cf_steps\" value=\"{}\" \/><input type=\"hidden\" name=\"_wpcf7cf_options\" value=\"{&quot;form_id&quot;:160,&quot;conditions&quot;:[{&quot;then_field&quot;:&quot;Opcion_esp&quot;,&quot;and_rules&quot;:[{&quot;if_field&quot;:&quot;idiomas&quot;,&quot;operator&quot;:&quot;equals&quot;,&quot;if_value&quot;:&quot;alem\\u00e1n &gt; espa\\u00f1ol&quot;}]}],&quot;settings&quot;:{&quot;animation&quot;:&quot;yes&quot;,&quot;animation_intime&quot;:200,&quot;animation_outtime&quot;:200,&quot;conditions_ui&quot;:&quot;normal&quot;,&quot;notice_dismissed&quot;:false,&quot;notice_dismissed_rollback-cf7-5.9.4&quot;:true}}\" \/>\n<\/fieldset>\n<p><label> Tu email (obligatorio)<\/label><br \/>\n<span class=\"wpcf7-form-control-wrap\" data-name=\"your-email\"><input size=\"40\" maxlength=\"400\" class=\"wpcf7-form-control wpcf7-email wpcf7-validates-as-required wpcf7-text wpcf7-validates-as-email half-cf7\" aria-required=\"true\" aria-invalid=\"false\" value=\"\" type=\"email\" name=\"your-email\" \/><\/span>\n<\/p>\n<p><label> Tu nombre (voluntario)<\/label><br \/>\n<span class=\"wpcf7-form-control-wrap\" data-name=\"your-name\"><input size=\"40\" maxlength=\"400\" class=\"wpcf7-form-control wpcf7-text wpcf7-validates-as-required\" aria-required=\"true\" aria-invalid=\"false\" value=\"\" type=\"text\" name=\"your-name\" \/><\/span>\n<\/p>\n<p><label> Tu mensaje<\/label><br \/>\n<span class=\"wpcf7-form-control-wrap\" data-name=\"your-message\"><textarea cols=\"40\" rows=\"10\" maxlength=\"2000\" class=\"wpcf7-form-control wpcf7-textarea\" aria-invalid=\"false\" name=\"your-message\"><\/textarea><\/span>\n<\/p>\n<p><label>Adjuntar documento a traducir para obtener presupuesto:<\/label><br \/>\n<label>Tama\u00f1o m\u00e1ximo del documento 23mb. Si el documento es mas grande env\u00edelo directo al email: post@sarah-schneider.eu<br \/>\nGu\u00eda para escanear <a href=\"https:\/\/sarah-schneider-sprachdienste.de\/es\/guia-para-escanear-documentos-para-su-traduccion-jurada\/\" target=\"_blank\"> documentos para traducciones juradas.<\/a><\/label><br \/>\n<div id=\"mfcf7_zl_multifilecontainer\"><span class=\"mfcf7-zl-multiline-sample\" style=\"display:none\"><p class=\"wpcf7-form-control-wrap files\"><input size=\"40\" class=\"wpcf7-form-control wpcf7-multilinefile wpcf7-validates-as-required\" multiple=\"multiple\" value=\"Subir archivos\" aria-required=\"true\" aria-invalid=\"false\" type=\"file\" name=\"files[]\" \/> <span class=\"mfcf7-zl-multifile-name\"><\/span><a href=\"javascript:void(0);\" class=\"mfcf7_zl_delete_file\"><span class=\"delete-file\" aria-hidden=\"true\">&#x274C;<\/span><\/a><\/p><\/span><\/div><span class=\"wpcf7-form-control-wrap zl-form-control-wrap files\"><input size=\"40\" class=\"wpcf7-form-control wpcf7-multilinefile wpcf7-validates-as-required\" multiple=\"multiple\" value=\"Subir archivos\" aria-required=\"true\" aria-invalid=\"false\" type=\"file\" name=\"files[]\" \/> <span class=\"mfcf7-zl-multifile-name\"><\/span><a href=\"javascript:void(0);\" class=\"mfcf7_zl_delete_file\"><span class=\"delete-file\" aria-hidden=\"true\">&#x274C;<\/span><\/a><\/span><p><label><span class=\"wpcf7-form-control-wrap\" data-name=\"files-zl-mfcf7-upld-btn\"><input type=\"button\" name=\"files-zl-mfcf7-upld-btn\" class=\"button button-primary qbutton\" id=\"mfcf7_zl_add_file\" value=\"Subir archivos\"><\/span><\/label><\/p>\n<\/p>\n<p><label>Tipo de traducci\u00f3n:<\/label><br \/>\n<span class=\"wpcf7-form-control-wrap\" data-name=\"tipo-traduccion\"><select class=\"wpcf7-form-control wpcf7-select wpcf7-validates-as-required\" aria-required=\"true\" aria-invalid=\"false\" name=\"tipo-traduccion\"><option value=\"Traducci\u00f3n jurada\">Traducci\u00f3n jurada<\/option><option value=\"Traducci\u00f3n simple\">Traducci\u00f3n simple<\/option><\/select><\/span>\n<\/p>\n<p><label>Combinaci\u00f3n de idiomas:<\/label><br \/>\n<span class=\"wpcf7-form-control-wrap\" data-name=\"idiomas\"><select class=\"wpcf7-form-control wpcf7-select wpcf7-validates-as-required\" aria-required=\"true\" aria-invalid=\"false\" name=\"idiomas\"><option value=\"espa\u00f1ol &gt; alem\u00e1n\">espa\u00f1ol &gt; alem\u00e1n<\/option><option value=\"alem\u00e1n &gt; espa\u00f1ol\">alem\u00e1n &gt; espa\u00f1ol<\/option><\/select><\/span>\n<\/p>\n<div data-id=\"Opcion_esp\" data-orig_data_id=\"Opcion_esp\" data-clear_on_hide class=\"\" data-class=\"wpcf7cf_group\">\n\t<p><label> Pa\u00eds:<\/label><br \/>\n<span class=\"wpcf7-form-control-wrap\" data-name=\"pais\"><select class=\"wpcf7-form-control wpcf7-select\" aria-invalid=\"false\" name=\"pais\"><option value=\"No Seleccionado\">No Seleccionado<\/option><option value=\"Espa\u00f1a\">Espa\u00f1a<\/option><option value=\"Rep\u00fablica Dominicana o Cuba\">Rep\u00fablica Dominicana o Cuba<\/option><option value=\"Otros pa\u00edses en Latinoam\u00e9rica\">Otros pa\u00edses en Latinoam\u00e9rica<\/option><\/select><\/span>\n\t<\/p>\n<\/div>\n<p><label>Necesito la traducci\u00f3n como muy tarde el d\u00eda:<\/label><br \/>\n<span class=\"wpcf7-form-control-wrap\" data-name=\"fecha-limite\"><input class=\"wpcf7-form-control wpcf7-date wpcf7-validates-as-date\" aria-invalid=\"false\" value=\"\" type=\"date\" name=\"fecha-limite\" \/><\/span>\n<\/p>\n<p><label>Otras opciones:<\/label><br \/>\n<span class=\"wpcf7-form-control-wrap\" data-name=\"opciones\"><span class=\"wpcf7-form-control wpcf7-checkbox\"><span class=\"wpcf7-list-item first\"><label><input type=\"checkbox\" name=\"opciones[]\" value=\"Solo versi\u00f3n con firma digital\" \/><span class=\"wpcf7-list-item-label\">Solo versi\u00f3n con firma digital<\/span><\/label><\/span><span class=\"wpcf7-list-item\"><label><input type=\"checkbox\" name=\"opciones[]\" value=\"Digital &amp; en papel\" \/><span class=\"wpcf7-list-item-label\">Digital &amp; en papel<\/span><\/label><\/span><span class=\"wpcf7-list-item\"><label><input type=\"checkbox\" name=\"opciones[]\" value=\"Solamente en papel\" \/><span class=\"wpcf7-list-item-label\">Solamente en papel<\/span><\/label><\/span><span class=\"wpcf7-list-item\"><label><input type=\"checkbox\" name=\"opciones[]\" value=\"Env\u00edo postal al extranjero (fuera de Alemania)\" \/><span class=\"wpcf7-list-item-label\">Env\u00edo postal al extranjero (fuera de Alemania)<\/span><\/label><\/span><span class=\"wpcf7-list-item last\"><label><input type=\"checkbox\" name=\"opciones[]\" value=\"Necesito un ejemplar adicional de cada traducci\u00f3n\" \/><span class=\"wpcf7-list-item-label\">Necesito un ejemplar adicional de cada traducci\u00f3n<\/span><\/label><\/span><\/span><\/span>\n<\/p>\n<p><span class=\"wpcf7-form-control-wrap\" data-name=\"acceptance-8\"><span class=\"wpcf7-form-control wpcf7-acceptance\"><span class=\"wpcf7-list-item\"><input type=\"checkbox\" name=\"acceptance-8\" value=\"1\" aria-invalid=\"false\" \/><\/span><\/span><\/span><a href=\"\/es\/proteccion-de-datos\/\" target=\"_blank\" rel=\"noreferrer noopener\" aria-label=\"Protecci\u00f3n de datos (se abre en una nueva pesta\u00f1a)\">He le\u00eddo la declaraci\u00f3n de protecci\u00f3n de datos y la informaci\u00f3n sobre el tratamiento de mis datos personales y acepto.<\/a>\n<\/p>\n<p>Si contacta conmigo a trav\u00e9s del formulario de contacto, por favor compruebe tambi\u00e9n la carpeta spam de su cuenta de correo.\n<\/p>\n<p><span id=\"wpcf7-69edfe7c0b376-wrapper\" class=\"wpcf7-form-control-wrap proteccion-wrap\" ><input type=\"hidden\" name=\"proteccion-time-start\" value=\"1777204860\"><input type=\"hidden\" name=\"proteccion-time-check\" value=\"3\"><input id=\"wpcf7-69edfe7c0b376-field\"  class=\"wpcf7-form-control wpcf7-text\" type=\"text\" name=\"proteccion\" value=\"\" size=\"40\" tabindex=\"-1\" autocomplete=\"off\" \/><\/span>\n<\/p>\n<p><input class=\"wpcf7-form-control wpcf7-submit has-spinner wp-block-button__link has-text-color wp-element-button\" type=\"submit\" value=\"Enviar\" \/>\n<\/p><p style=\"display: none !important;\" class=\"akismet-fields-container\" data-prefix=\"_wpcf7_ak_\"><label>&#916;<textarea name=\"_wpcf7_ak_hp_textarea\" cols=\"45\" rows=\"8\" maxlength=\"100\"><\/textarea><\/label><input type=\"hidden\" id=\"ak_js_1\" name=\"_wpcf7_ak_js\" value=\"218\"\/><script type=\"text\/javascript\">\n\/* <![CDATA[ *\/\ndocument.getElementById( \"ak_js_1\" ).setAttribute( \"value\", ( new Date() ).getTime() );\n\/* ]]> *\/\n<\/script>\n<\/p><div class=\"wpcf7-response-output\" aria-hidden=\"true\"><\/div>\n<\/form>\n<\/div>\n<\/div>\n","protected":false},"excerpt":{"rendered":"<p>\u00bfNecesita presentar un documento oficial, judicial o notarial expedido en Alemania ante una autoridad p\u00fablica en un pa\u00eds extranjero de habla hispana? Hay que tener en cuenta una serie de cosas en funci\u00f3n del lugar donde se vaya a presentar el documento.<\/p>\n","protected":false},"author":1,"featured_media":268,"comment_status":"closed","ping_status":"closed","sticky":false,"template":"","format":"standard","meta":{"footnotes":""},"categories":[24],"tags":[],"class_list":["post-746","post","type-post","status-publish","format-standard","has-post-thumbnail","hentry","category-apostilla"],"yoast_head":"<!-- This site is optimized with the Yoast SEO plugin v27.4 - https:\/\/yoast.com\/product\/yoast-seo-wordpress\/ -->\n<title>Presentaci\u00f3n de documentos oficiales alemanes en el extranjero - Sarah Schneider Sprachdienste - Servicios Ling\u00fc\u00edsticos<\/title>\n<meta name=\"description\" content=\"Lo que hay que tener en cuenta a la hora de presentar un documento oficial, judicial o notarial expedido en Alemania ante una autoridad p\u00fablica de un pa\u00eds extranjero.\" \/>\n<meta name=\"robots\" content=\"index, follow, max-snippet:-1, max-image-preview:large, max-video-preview:-1\" \/>\n<link rel=\"canonical\" href=\"https:\/\/sarah-schneider-sprachdienste.de\/es\/apostilla-para-traducciones-juradas\/\" \/>\n<meta property=\"og:locale\" content=\"es_ES\" \/>\n<meta property=\"og:type\" content=\"article\" \/>\n<meta property=\"og:title\" content=\"Como presentar documentos p\u00fablicos o notariales de Alemania en el extranjero de habla hispana\" \/>\n<meta property=\"og:description\" content=\"Si vives en Alemania, tarde o temprano llega el d\u00eda en el que necesitas presentar un documento en alem\u00e1n ante una autoridad de tu pa\u00eds natal, pero hay que tener en cuenta una serie de cosas.\" \/>\n<meta property=\"og:url\" content=\"https:\/\/sarah-schneider-sprachdienste.de\/es\/apostilla-para-traducciones-juradas\/\" \/>\n<meta property=\"og:site_name\" content=\"Sarah Schneider Sprachdienste - Servicios Ling\u00fc\u00edsticos\" \/>\n<meta property=\"article:published_time\" content=\"2021-12-07T11:55:36+00:00\" \/>\n<meta property=\"article:modified_time\" content=\"2024-05-21T12:33:29+00:00\" \/>\n<meta property=\"og:image\" content=\"https:\/\/sarah-schneider-sprachdienste.de\/wp-content\/uploads\/Apostille-Beispiel.png\" \/>\n\t<meta property=\"og:image:width\" content=\"300\" \/>\n\t<meta property=\"og:image:height\" content=\"329\" \/>\n\t<meta property=\"og:image:type\" content=\"image\/png\" \/>\n<meta name=\"author\" content=\"Sarah Schneider, M.A., erm\u00e4chtigte \u00dcbersetzerin f\u00fcr die spanische Sprache\" \/>\n<meta name=\"twitter:card\" content=\"summary_large_image\" \/>\n<meta name=\"twitter:title\" content=\"Como presentar documentos p\u00fablicos o notariales de Alemania en el extranjero de habla hispana\" \/>\n<meta name=\"twitter:description\" content=\"Si vives en Alemania, tarde o temprano llega el d\u00eda en el que necesitas presentar un documento en alem\u00e1n ante una autoridad de tu pa\u00eds natal, pero hay que tener en cuenta una serie de cosas.\" \/>\n<meta name=\"twitter:image\" content=\"https:\/\/sarah-schneider-sprachdienste.de\/wp-content\/uploads\/Apostille-Beispiel.png\" \/>\n<meta name=\"twitter:label1\" content=\"Escrito por\" \/>\n\t<meta name=\"twitter:data1\" content=\"Sarah Schneider, M.A., erm\u00e4chtigte \u00dcbersetzerin f\u00fcr die spanische Sprache\" \/>\n\t<meta name=\"twitter:label2\" content=\"Tiempo de lectura\" \/>\n\t<meta name=\"twitter:data2\" content=\"5 minutos\" \/>\n<script type=\"application\/ld+json\" class=\"yoast-schema-graph\">{\"@context\":\"https:\\\/\\\/schema.org\",\"@graph\":[{\"@type\":\"Article\",\"@id\":\"https:\\\/\\\/sarah-schneider-sprachdienste.de\\\/es\\\/apostilla-para-traducciones-juradas\\\/#article\",\"isPartOf\":{\"@id\":\"https:\\\/\\\/sarah-schneider-sprachdienste.de\\\/es\\\/apostilla-para-traducciones-juradas\\\/\"},\"author\":{\"name\":\"Sarah Schneider, M.A., erm\u00e4chtigte \u00dcbersetzerin f\u00fcr die spanische Sprache\",\"@id\":\"https:\\\/\\\/sarah-schneider-sprachdienste.de\\\/es\\\/#\\\/schema\\\/person\\\/3574b8852bc10be824ce67f91f973c94\"},\"headline\":\"Presentaci\u00f3n de documentos oficiales alemanes en el extranjero\",\"datePublished\":\"2021-12-07T11:55:36+00:00\",\"dateModified\":\"2024-05-21T12:33:29+00:00\",\"mainEntityOfPage\":{\"@id\":\"https:\\\/\\\/sarah-schneider-sprachdienste.de\\\/es\\\/apostilla-para-traducciones-juradas\\\/\"},\"wordCount\":923,\"publisher\":{\"@id\":\"https:\\\/\\\/sarah-schneider-sprachdienste.de\\\/es\\\/#organization\"},\"image\":{\"@id\":\"https:\\\/\\\/sarah-schneider-sprachdienste.de\\\/es\\\/apostilla-para-traducciones-juradas\\\/#primaryimage\"},\"thumbnailUrl\":\"https:\\\/\\\/sarah-schneider-sprachdienste.de\\\/wp-content\\\/uploads\\\/Apostille-Beispiel.png\",\"articleSection\":[\"Apostilla\"],\"inLanguage\":\"es\"},{\"@type\":\"WebPage\",\"@id\":\"https:\\\/\\\/sarah-schneider-sprachdienste.de\\\/es\\\/apostilla-para-traducciones-juradas\\\/\",\"url\":\"https:\\\/\\\/sarah-schneider-sprachdienste.de\\\/es\\\/apostilla-para-traducciones-juradas\\\/\",\"name\":\"Presentaci\u00f3n de documentos oficiales alemanes en el extranjero - Sarah Schneider Sprachdienste - Servicios Ling\u00fc\u00edsticos\",\"isPartOf\":{\"@id\":\"https:\\\/\\\/sarah-schneider-sprachdienste.de\\\/es\\\/#website\"},\"primaryImageOfPage\":{\"@id\":\"https:\\\/\\\/sarah-schneider-sprachdienste.de\\\/es\\\/apostilla-para-traducciones-juradas\\\/#primaryimage\"},\"image\":{\"@id\":\"https:\\\/\\\/sarah-schneider-sprachdienste.de\\\/es\\\/apostilla-para-traducciones-juradas\\\/#primaryimage\"},\"thumbnailUrl\":\"https:\\\/\\\/sarah-schneider-sprachdienste.de\\\/wp-content\\\/uploads\\\/Apostille-Beispiel.png\",\"datePublished\":\"2021-12-07T11:55:36+00:00\",\"dateModified\":\"2024-05-21T12:33:29+00:00\",\"description\":\"Lo que hay que tener en cuenta a la hora de presentar un documento oficial, judicial o notarial expedido en Alemania ante una autoridad p\u00fablica de un pa\u00eds extranjero.\",\"breadcrumb\":{\"@id\":\"https:\\\/\\\/sarah-schneider-sprachdienste.de\\\/es\\\/apostilla-para-traducciones-juradas\\\/#breadcrumb\"},\"inLanguage\":\"es\",\"potentialAction\":[{\"@type\":\"ReadAction\",\"target\":[\"https:\\\/\\\/sarah-schneider-sprachdienste.de\\\/es\\\/apostilla-para-traducciones-juradas\\\/\"]}]},{\"@type\":\"ImageObject\",\"inLanguage\":\"es\",\"@id\":\"https:\\\/\\\/sarah-schneider-sprachdienste.de\\\/es\\\/apostilla-para-traducciones-juradas\\\/#primaryimage\",\"url\":\"https:\\\/\\\/sarah-schneider-sprachdienste.de\\\/wp-content\\\/uploads\\\/Apostille-Beispiel.png\",\"contentUrl\":\"https:\\\/\\\/sarah-schneider-sprachdienste.de\\\/wp-content\\\/uploads\\\/Apostille-Beispiel.png\",\"width\":300,\"height\":329,\"caption\":\"Ejemplo de una apostilla, en alem\u00e1n\"},{\"@type\":\"BreadcrumbList\",\"@id\":\"https:\\\/\\\/sarah-schneider-sprachdienste.de\\\/es\\\/apostilla-para-traducciones-juradas\\\/#breadcrumb\",\"itemListElement\":[{\"@type\":\"ListItem\",\"position\":1,\"name\":\"Portada\",\"item\":\"https:\\\/\\\/sarah-schneider-sprachdienste.de\\\/es\\\/\"},{\"@type\":\"ListItem\",\"position\":2,\"name\":\"Presentaci\u00f3n de documentos oficiales alemanes en el extranjero\"}]},{\"@type\":\"WebSite\",\"@id\":\"https:\\\/\\\/sarah-schneider-sprachdienste.de\\\/es\\\/#website\",\"url\":\"https:\\\/\\\/sarah-schneider-sprachdienste.de\\\/es\\\/\",\"name\":\"Sarah Schneider Sprachdienste - Servicios Ling\u00fc\u00edsticos\",\"description\":\"\",\"publisher\":{\"@id\":\"https:\\\/\\\/sarah-schneider-sprachdienste.de\\\/es\\\/#organization\"},\"potentialAction\":[{\"@type\":\"SearchAction\",\"target\":{\"@type\":\"EntryPoint\",\"urlTemplate\":\"https:\\\/\\\/sarah-schneider-sprachdienste.de\\\/es\\\/?s={search_term_string}\"},\"query-input\":{\"@type\":\"PropertyValueSpecification\",\"valueRequired\":true,\"valueName\":\"search_term_string\"}}],\"inLanguage\":\"es\"},{\"@type\":\"Organization\",\"@id\":\"https:\\\/\\\/sarah-schneider-sprachdienste.de\\\/es\\\/#organization\",\"name\":\"Sarah Schneider Sprachdienste\",\"alternateName\":\"sprachdienste\",\"url\":\"https:\\\/\\\/sarah-schneider-sprachdienste.de\\\/es\\\/\",\"logo\":{\"@type\":\"ImageObject\",\"inLanguage\":\"es\",\"@id\":\"https:\\\/\\\/sarah-schneider-sprachdienste.de\\\/es\\\/#\\\/schema\\\/logo\\\/image\\\/\",\"url\":\"https:\\\/\\\/sarah-schneider-sprachdienste.de\\\/wp-content\\\/uploads\\\/logo-alem_C3_A1-optimizado.png\",\"contentUrl\":\"https:\\\/\\\/sarah-schneider-sprachdienste.de\\\/wp-content\\\/uploads\\\/logo-alem_C3_A1-optimizado.png\",\"width\":636,\"height\":244,\"caption\":\"Sarah Schneider Sprachdienste\"},\"image\":{\"@id\":\"https:\\\/\\\/sarah-schneider-sprachdienste.de\\\/es\\\/#\\\/schema\\\/logo\\\/image\\\/\"}},{\"@type\":\"Person\",\"@id\":\"https:\\\/\\\/sarah-schneider-sprachdienste.de\\\/es\\\/#\\\/schema\\\/person\\\/3574b8852bc10be824ce67f91f973c94\",\"name\":\"Sarah Schneider, M.A., erm\u00e4chtigte \u00dcbersetzerin f\u00fcr die spanische Sprache\",\"image\":{\"@type\":\"ImageObject\",\"inLanguage\":\"es\",\"@id\":\"https:\\\/\\\/secure.gravatar.com\\\/avatar\\\/0a4d97181d7039e5ef62d7e5f95f647b95dbec3d21f21bcc6765232192c12e09?s=96&d=mm&r=g\",\"url\":\"https:\\\/\\\/secure.gravatar.com\\\/avatar\\\/0a4d97181d7039e5ef62d7e5f95f647b95dbec3d21f21bcc6765232192c12e09?s=96&d=mm&r=g\",\"contentUrl\":\"https:\\\/\\\/secure.gravatar.com\\\/avatar\\\/0a4d97181d7039e5ef62d7e5f95f647b95dbec3d21f21bcc6765232192c12e09?s=96&d=mm&r=g\",\"caption\":\"Sarah Schneider, M.A., erm\u00e4chtigte \u00dcbersetzerin f\u00fcr die spanische Sprache\"},\"sameAs\":[\"https:\\\/\\\/sarah-schneider-sprachdienste.de\"],\"url\":\"https:\\\/\\\/sarah-schneider-sprachdienste.de\\\/es\\\/author\\\/sarahtarjetavirtual\\\/\"}]}<\/script>\n<!-- \/ Yoast SEO plugin. -->","yoast_head_json":{"title":"Presentaci\u00f3n de documentos oficiales alemanes en el extranjero - Sarah Schneider Sprachdienste - Servicios Ling\u00fc\u00edsticos","description":"Lo que hay que tener en cuenta a la hora de presentar un documento oficial, judicial o notarial expedido en Alemania ante una autoridad p\u00fablica de un pa\u00eds extranjero.","robots":{"index":"index","follow":"follow","max-snippet":"max-snippet:-1","max-image-preview":"max-image-preview:large","max-video-preview":"max-video-preview:-1"},"canonical":"https:\/\/sarah-schneider-sprachdienste.de\/es\/apostilla-para-traducciones-juradas\/","og_locale":"es_ES","og_type":"article","og_title":"Como presentar documentos p\u00fablicos o notariales de Alemania en el extranjero de habla hispana","og_description":"Si vives en Alemania, tarde o temprano llega el d\u00eda en el que necesitas presentar un documento en alem\u00e1n ante una autoridad de tu pa\u00eds natal, pero hay que tener en cuenta una serie de cosas.","og_url":"https:\/\/sarah-schneider-sprachdienste.de\/es\/apostilla-para-traducciones-juradas\/","og_site_name":"Sarah Schneider Sprachdienste - Servicios Ling\u00fc\u00edsticos","article_published_time":"2021-12-07T11:55:36+00:00","article_modified_time":"2024-05-21T12:33:29+00:00","og_image":[{"width":300,"height":329,"url":"https:\/\/sarah-schneider-sprachdienste.de\/wp-content\/uploads\/Apostille-Beispiel.png","type":"image\/png"}],"author":"Sarah Schneider, M.A., erm\u00e4chtigte \u00dcbersetzerin f\u00fcr die spanische Sprache","twitter_card":"summary_large_image","twitter_title":"Como presentar documentos p\u00fablicos o notariales de Alemania en el extranjero de habla hispana","twitter_description":"Si vives en Alemania, tarde o temprano llega el d\u00eda en el que necesitas presentar un documento en alem\u00e1n ante una autoridad de tu pa\u00eds natal, pero hay que tener en cuenta una serie de cosas.","twitter_image":"https:\/\/sarah-schneider-sprachdienste.de\/wp-content\/uploads\/Apostille-Beispiel.png","twitter_misc":{"Escrito por":"Sarah Schneider, M.A., erm\u00e4chtigte \u00dcbersetzerin f\u00fcr die spanische Sprache","Tiempo de lectura":"5 minutos"},"schema":{"@context":"https:\/\/schema.org","@graph":[{"@type":"Article","@id":"https:\/\/sarah-schneider-sprachdienste.de\/es\/apostilla-para-traducciones-juradas\/#article","isPartOf":{"@id":"https:\/\/sarah-schneider-sprachdienste.de\/es\/apostilla-para-traducciones-juradas\/"},"author":{"name":"Sarah Schneider, M.A., erm\u00e4chtigte \u00dcbersetzerin f\u00fcr die spanische Sprache","@id":"https:\/\/sarah-schneider-sprachdienste.de\/es\/#\/schema\/person\/3574b8852bc10be824ce67f91f973c94"},"headline":"Presentaci\u00f3n de documentos oficiales alemanes en el extranjero","datePublished":"2021-12-07T11:55:36+00:00","dateModified":"2024-05-21T12:33:29+00:00","mainEntityOfPage":{"@id":"https:\/\/sarah-schneider-sprachdienste.de\/es\/apostilla-para-traducciones-juradas\/"},"wordCount":923,"publisher":{"@id":"https:\/\/sarah-schneider-sprachdienste.de\/es\/#organization"},"image":{"@id":"https:\/\/sarah-schneider-sprachdienste.de\/es\/apostilla-para-traducciones-juradas\/#primaryimage"},"thumbnailUrl":"https:\/\/sarah-schneider-sprachdienste.de\/wp-content\/uploads\/Apostille-Beispiel.png","articleSection":["Apostilla"],"inLanguage":"es"},{"@type":"WebPage","@id":"https:\/\/sarah-schneider-sprachdienste.de\/es\/apostilla-para-traducciones-juradas\/","url":"https:\/\/sarah-schneider-sprachdienste.de\/es\/apostilla-para-traducciones-juradas\/","name":"Presentaci\u00f3n de documentos oficiales alemanes en el extranjero - Sarah Schneider Sprachdienste - Servicios Ling\u00fc\u00edsticos","isPartOf":{"@id":"https:\/\/sarah-schneider-sprachdienste.de\/es\/#website"},"primaryImageOfPage":{"@id":"https:\/\/sarah-schneider-sprachdienste.de\/es\/apostilla-para-traducciones-juradas\/#primaryimage"},"image":{"@id":"https:\/\/sarah-schneider-sprachdienste.de\/es\/apostilla-para-traducciones-juradas\/#primaryimage"},"thumbnailUrl":"https:\/\/sarah-schneider-sprachdienste.de\/wp-content\/uploads\/Apostille-Beispiel.png","datePublished":"2021-12-07T11:55:36+00:00","dateModified":"2024-05-21T12:33:29+00:00","description":"Lo que hay que tener en cuenta a la hora de presentar un documento oficial, judicial o notarial expedido en Alemania ante una autoridad p\u00fablica de un pa\u00eds extranjero.","breadcrumb":{"@id":"https:\/\/sarah-schneider-sprachdienste.de\/es\/apostilla-para-traducciones-juradas\/#breadcrumb"},"inLanguage":"es","potentialAction":[{"@type":"ReadAction","target":["https:\/\/sarah-schneider-sprachdienste.de\/es\/apostilla-para-traducciones-juradas\/"]}]},{"@type":"ImageObject","inLanguage":"es","@id":"https:\/\/sarah-schneider-sprachdienste.de\/es\/apostilla-para-traducciones-juradas\/#primaryimage","url":"https:\/\/sarah-schneider-sprachdienste.de\/wp-content\/uploads\/Apostille-Beispiel.png","contentUrl":"https:\/\/sarah-schneider-sprachdienste.de\/wp-content\/uploads\/Apostille-Beispiel.png","width":300,"height":329,"caption":"Ejemplo de una apostilla, en alem\u00e1n"},{"@type":"BreadcrumbList","@id":"https:\/\/sarah-schneider-sprachdienste.de\/es\/apostilla-para-traducciones-juradas\/#breadcrumb","itemListElement":[{"@type":"ListItem","position":1,"name":"Portada","item":"https:\/\/sarah-schneider-sprachdienste.de\/es\/"},{"@type":"ListItem","position":2,"name":"Presentaci\u00f3n de documentos oficiales alemanes en el extranjero"}]},{"@type":"WebSite","@id":"https:\/\/sarah-schneider-sprachdienste.de\/es\/#website","url":"https:\/\/sarah-schneider-sprachdienste.de\/es\/","name":"Sarah Schneider Sprachdienste - Servicios Ling\u00fc\u00edsticos","description":"","publisher":{"@id":"https:\/\/sarah-schneider-sprachdienste.de\/es\/#organization"},"potentialAction":[{"@type":"SearchAction","target":{"@type":"EntryPoint","urlTemplate":"https:\/\/sarah-schneider-sprachdienste.de\/es\/?s={search_term_string}"},"query-input":{"@type":"PropertyValueSpecification","valueRequired":true,"valueName":"search_term_string"}}],"inLanguage":"es"},{"@type":"Organization","@id":"https:\/\/sarah-schneider-sprachdienste.de\/es\/#organization","name":"Sarah Schneider Sprachdienste","alternateName":"sprachdienste","url":"https:\/\/sarah-schneider-sprachdienste.de\/es\/","logo":{"@type":"ImageObject","inLanguage":"es","@id":"https:\/\/sarah-schneider-sprachdienste.de\/es\/#\/schema\/logo\/image\/","url":"https:\/\/sarah-schneider-sprachdienste.de\/wp-content\/uploads\/logo-alem_C3_A1-optimizado.png","contentUrl":"https:\/\/sarah-schneider-sprachdienste.de\/wp-content\/uploads\/logo-alem_C3_A1-optimizado.png","width":636,"height":244,"caption":"Sarah Schneider Sprachdienste"},"image":{"@id":"https:\/\/sarah-schneider-sprachdienste.de\/es\/#\/schema\/logo\/image\/"}},{"@type":"Person","@id":"https:\/\/sarah-schneider-sprachdienste.de\/es\/#\/schema\/person\/3574b8852bc10be824ce67f91f973c94","name":"Sarah Schneider, M.A., erm\u00e4chtigte \u00dcbersetzerin f\u00fcr die spanische Sprache","image":{"@type":"ImageObject","inLanguage":"es","@id":"https:\/\/secure.gravatar.com\/avatar\/0a4d97181d7039e5ef62d7e5f95f647b95dbec3d21f21bcc6765232192c12e09?s=96&d=mm&r=g","url":"https:\/\/secure.gravatar.com\/avatar\/0a4d97181d7039e5ef62d7e5f95f647b95dbec3d21f21bcc6765232192c12e09?s=96&d=mm&r=g","contentUrl":"https:\/\/secure.gravatar.com\/avatar\/0a4d97181d7039e5ef62d7e5f95f647b95dbec3d21f21bcc6765232192c12e09?s=96&d=mm&r=g","caption":"Sarah Schneider, M.A., erm\u00e4chtigte \u00dcbersetzerin f\u00fcr die spanische Sprache"},"sameAs":["https:\/\/sarah-schneider-sprachdienste.de"],"url":"https:\/\/sarah-schneider-sprachdienste.de\/es\/author\/sarahtarjetavirtual\/"}]}},"_links":{"self":[{"href":"https:\/\/sarah-schneider-sprachdienste.de\/es\/wp-json\/wp\/v2\/posts\/746","targetHints":{"allow":["GET"]}}],"collection":[{"href":"https:\/\/sarah-schneider-sprachdienste.de\/es\/wp-json\/wp\/v2\/posts"}],"about":[{"href":"https:\/\/sarah-schneider-sprachdienste.de\/es\/wp-json\/wp\/v2\/types\/post"}],"author":[{"embeddable":true,"href":"https:\/\/sarah-schneider-sprachdienste.de\/es\/wp-json\/wp\/v2\/users\/1"}],"replies":[{"embeddable":true,"href":"https:\/\/sarah-schneider-sprachdienste.de\/es\/wp-json\/wp\/v2\/comments?post=746"}],"version-history":[{"count":5,"href":"https:\/\/sarah-schneider-sprachdienste.de\/es\/wp-json\/wp\/v2\/posts\/746\/revisions"}],"predecessor-version":[{"id":26838,"href":"https:\/\/sarah-schneider-sprachdienste.de\/es\/wp-json\/wp\/v2\/posts\/746\/revisions\/26838"}],"wp:featuredmedia":[{"embeddable":true,"href":"https:\/\/sarah-schneider-sprachdienste.de\/es\/wp-json\/wp\/v2\/media\/268"}],"wp:attachment":[{"href":"https:\/\/sarah-schneider-sprachdienste.de\/es\/wp-json\/wp\/v2\/media?parent=746"}],"wp:term":[{"taxonomy":"category","embeddable":true,"href":"https:\/\/sarah-schneider-sprachdienste.de\/es\/wp-json\/wp\/v2\/categories?post=746"},{"taxonomy":"post_tag","embeddable":true,"href":"https:\/\/sarah-schneider-sprachdienste.de\/es\/wp-json\/wp\/v2\/tags?post=746"}],"curies":[{"name":"wp","href":"https:\/\/api.w.org\/{rel}","templated":true}]}}