{"id":89,"date":"2021-06-16T11:38:51","date_gmt":"2021-06-16T11:38:51","guid":{"rendered":"https:\/\/sarah-schneider-sprachdienste.de\/?p=89"},"modified":"2025-06-24T09:42:22","modified_gmt":"2025-06-24T09:42:22","slug":"traduccion-certificada-espanol-aleman-para-el-reconocimiento-de-profesiones-medicas-en-alemania","status":"publish","type":"post","link":"https:\/\/sarah-schneider-sprachdienste.de\/es\/traduccion-certificada-espanol-aleman-para-el-reconocimiento-de-profesiones-medicas-en-alemania\/","title":{"rendered":"Traducci\u00f3n certificada Espa\u00f1ol &#8211; Alem\u00e1n para el reconocimiento de profesiones m\u00e9dicas en Alemania"},"content":{"rendered":"\n<p>Contacto: post@sarah-schneider.eu                 <\/p>\n\n\n\n<p>Bildquelle:\u00a0<a href=\"https:\/\/de.freepik.com\" target=\"_blank\" rel=\"noreferrer noopener nofollow\">Hintergrund Vektor erstellt von cornecoba \u2013 de.freepik.com<\/a><\/p>\n\n\n\n<p><em>Reconocimiento como m\u00e9dico \/ reconocimiento como m\u00e9dica \/ reconocimiento t\u00edtulo Medicina \/ homologaci\u00f3n t\u00edtulo cirujano \/ reconocimiento internista \/ reconocimiento m\u00e9dico especialista \/ reconocimiento veterinario \/ homologaci\u00f3n t\u00edtulo dentista<\/em><\/p>\n\n\n\n<h3 class=\"wp-block-heading\"><strong>Reconocimiento de t\u00edtulos extranjeros en el \u00e1mbito de la medicina<\/strong><\/h3>\n\n\n\n<p>El<strong> reconocimiento de un t\u00edtulo extranjero en el \u00e1mbito de la medicina<\/strong>, por ejemplo para obtener una autorizaci\u00f3n como m\u00e9dico, puede ser complicado. En particular, si el t\u00edtulo no se ha adquirido en Europa sino en Am\u00e9rica Latina.<\/p>\n\n\n\n<h3 class=\"wp-block-heading\"><strong>T\u00edtulos del \u00e1mbito de la medicina que requieren una traducci\u00f3n jurada del espa\u00f1ol al alem\u00e1n<\/strong><\/h3>\n\n\n\n<p><strong>Se puede tratar, entre otros, de los siguientes t\u00edtulos<\/strong>:<\/p>\n\n\n\n<ul class=\"wp-block-list\">\n<li><em>Graduado en Medicina<\/em> (Espa\u00f1a)<\/li>\n\n\n\n<li><em>Graduado en Odontolog\u00eda <\/em>(Espa\u00f1a)<\/li>\n\n\n\n<li><em>Licenciado en Medicina<\/em> (Espa\u00f1a, Bolivia, Chile Costa Rica, M\u00e9xico)<\/li>\n\n\n\n<li><em>Licenciado en Medicina y cirug\u00eda<\/em> (Bolivia, Costa Rica)<\/li>\n\n\n\n<li><em>Magister en Medicina<\/em> (Chile)<\/li>\n\n\n\n<li><em>Licenciado en Biomedicina<\/em> (M\u00e9xico)<\/li>\n\n\n\n<li><em>Licenciado en Medicina Veterinaria<\/em> (Bolivia, Chile)<\/li>\n\n\n\n<li><em>M\u00e9dico veterano<\/em> (Argentina, Chile, Costa Rica, Guatemala, Colombia, Per\u00fa, Venezuela)<\/li>\n\n\n\n<li><em>Bachiller en Medicina<\/em> (Per\u00fa)<\/li>\n\n\n\n<li><em>Doctor en Medicina \/ Doctor en Medicina y Circon\u00eda<\/em> (Costa Rica, Rep\u00fablica Dominicana, El Salvador, Cuba, Panam\u00e1, Uruguay, Honduras, Nicaragua, Paraguay, Ecuador)<\/li>\n\n\n\n<li><em>Doctor en Medicina interna<\/em> (Argentina)<\/li>\n\n\n\n<li><em>T\u00edtulo profesional m\u00e9dico Cirujano <\/em>(Chile, Colombia, Paraguay, Per\u00fa)<\/li>\n\n\n\n<li><em>T\u00edtulo profesional m\u00e9dico Cirujano y Partero<\/em> (M\u00e9xico)<\/li>\n\n\n\n<li><em>T\u00edtulo profesional m\u00e9dico<\/em> (Argentina, Bolivia, Ecuador, Colombia)<\/li>\n\n\n\n<li><em>T\u00edtulo profesional m\u00e9dico Cirujano<\/em> (Bolivia, M\u00e9xico, Venezuela)<\/li>\n<\/ul>\n\n\n\n<h3 class=\"wp-block-heading\"><strong>\u00bfPuedo trabajar con mi t\u00edtulo extranjero en Alemania?<\/strong><\/h3>\n\n\n\n<p>En Alemania, la profesi\u00f3n \u00ab<strong>m\u00e9dico\/m\u00e9dica<\/strong>\u00bb es una <strong>profesi\u00f3n regulada<\/strong>, es decir, no se puede ejercer la profesi\u00f3n sin reconocimiento \/ homologaci\u00f3n ni autorizaci\u00f3n o licencia (en alem\u00e1n, \u00abApprobation\u00bb). La p\u00e1gina \u00abAnerkennung in Deutschland\u00bb dice al respecto:<\/p>\n\n\n\n<blockquote class=\"wp-block-quote is-layout-flow wp-block-quote-is-layout-flow\">\n<p>\u00abM\u00e9dico\/a<\/p>\n\n\n\n<p>Para trabajar como m\u00e9dico o m\u00e9dica en Alemania, necesita una licencia estatal: La llamada aprobaci\u00f3n (<em>Approbation<\/em>). Esta licencia es un permiso para poder ejercer la profesi\u00f3n sin restricciones. Esta aprobaci\u00f3n es indispensable, si quiere ejercer una actividad m\u00e9dica en una cl\u00ednica en Alemania o si quiere establecerse con una consulta propia (<em>Praxis<\/em>). Para obtener informaci\u00f3n precisa sobre c\u00f3mo obtener la aprobaci\u00f3n y el reconocimiento \/ la homologaci\u00f3n de su cualificaci\u00f3n profesional extranjera, consulte la secci\u00f3n \u00abArzt\/\u00c4rztin\u00bb.<\/p>\n\n\n\n<p>\u00bfHa adquirido una especializaci\u00f3n m\u00e9dica adicional en el extranjero y una cualificaci\u00f3n como especialista? En ese caso puede tambi\u00e9n solicitar el reconocimiento del t\u00edtulo de la especialiadad. Seleccione su especializaci\u00f3n en la secci\u00f3n \u00abFach\u00e4rztin\/Facharzt\u00bb y lea informaci\u00f3n detallada sobre este procedimiento de reconocimiento.<\/p>\n\n\n\n<p>Tenga en cuenta que: Para el reconocimiento de su t\u00edtulo profesional es requisito disponer de la licencia (\u00ab<em>Approbation<\/em>\u00ab) para ejercer como profesional m\u00e9dico.\u00bb<\/p>\n<\/blockquote>\n\n\n\n<h3 class=\"wp-block-heading\"><strong>Organismos competentes para la homologaci\u00f3n y el reconocimiento <\/strong><\/h3>\n\n\n\n<p><strong>\u00bfD\u00f3nde tengo que presentar la traducci\u00f3n certificada de mi t\u00edtulo y documentos relacionados para solicitar la homologaci\u00f3n?<\/strong><\/p>\n\n\n\n<p>El organismo competente para el reconocimiento puede consultarse en <a href=\"http:\/\/www.anerkennung-in-deutschland.de\">www.anerkennung-in-deutschland.de<\/a><\/p>\n\n\n\n<p>En esta p\u00e1gina tambi\u00e9n puede encontrar el <strong>organismo competente ante el que se presenta la solicitud<\/strong>. El organismo competente normalmente le suele dar una lista de todos los documentos que debe presentar. De estos documentos, normalmente debe presentarse una copia certificada. Para obtener la <a href=\"https:\/\/sarah-schneider-sprachdienste.de\/es\/copia-compulsada\/\">copia certificada<\/a>, presente su original en un notario o en una oficina p\u00fablica (por ejemplo, la oficina de la ciudadan\u00eda). Encargue la copia compulsada, si es posible, en Alemania, para evitar cualquier clase de problemas.<\/p>\n\n\n\n<p>A continuaci\u00f3n, necesitar\u00e1 una traducci\u00f3n certificada o una <strong><a href=\"https:\/\/sarah-schneider-sprachdienste.de\/es\/traduccion-jurada\/traduccion-jurada\/\">traducci\u00f3n oficial<\/a><\/strong> de los documentos de espa\u00f1ol a alem\u00e1n. Esta traducci\u00f3n, como se recomienda en la p\u00e1gina \u00abAnerkennung in Deutschland\u00bb, debe ser realizada por un traductor jurado en Alemania. Las traducciones elaboradas por traductores jurados en el extranjero no suelen ser reconocidas.<\/p>\n\n\n\n<h3 class=\"wp-block-heading\"><strong>\u00bfQu\u00e9 documentos deben traducirse para la homologaci\u00f3n?<\/strong><\/h3>\n\n\n\n<p>Los documentos que suelen <strong>requerir una traducci\u00f3n certificada del espa\u00f1ol al alem\u00e1n<\/strong> <strong>para el reconocimiento como m\u00e9dico<\/strong> son los siguientes:<\/p>\n\n\n\n<ul class=\"wp-block-list\">\n<li><strong>T\u00edtulo universitario \/ Diploma \/ grado \/ acta de grado \/ certificado en el \u00e1mbito de la medicina<\/strong><\/li>\n\n\n\n<li>El <strong>t\u00edtulo profesional, la licencia profesional<\/strong> o <strong>la licencia\/aprobaci\u00f3n\/autorizaci\u00f3n<\/strong>, es decir, la autorizaci\u00f3n para ejercer la profesi\u00f3n en el pa\u00eds de origen<\/li>\n\n\n\n<li><strong>Certificado acad\u00e9mico \/ certificado de notas de la Universidad<\/strong> con todas las asignaturas y grados (<em>certificado de estudios, certificado acad\u00e9mico, certificado anal\u00edtico<\/em>\u2026)<\/li>\n\n\n\n<li>El curr\u00edculo de la carrera<\/li>\n\n\n\n<li><strong>Certificado de pr\u00e1cticas<\/strong>, certificado del a\u00f1o de pr\u00e1cticas \/ certificado de servicio social<\/li>\n\n\n\n<li><strong><em>Certificado de buena conducta (Good Standing)<\/em><\/strong><\/li>\n\n\n\n<li><strong>Certificado de antecentes penales <\/strong>(tambi\u00e9n informe de no antecentes penales \/ certificaci\u00f3n de antecentes penales \/ certificaci\u00f3n de antecentes judiciales \/ certificado negativo de antecentes penales)<\/li>\n\n\n\n<li><strong>Certificado de afiliaci\u00f3n a la asociaci\u00f3n m\u00e9dica correspondiente <\/strong><em>(certificado del Colegio de m\u00e9dicos \/ organizaci\u00f3n m\u00e9dica ecol\u00f3gica \/ asociaci\u00f3n de m\u00e9dicos \/ c\u00e1mara de m\u00e9dicos)<\/em><\/li>\n\n\n\n<li><strong>Inscripci\u00f3n en el Registro de prestadores de asistencia sanitaria<\/strong> (por ejemplo, en Chile <em>: Certificado de inscripci\u00f3n en el Registro nacional de asistencia sanitaria individual de salud, Superintendencia de Salud<\/em>)<\/li>\n\n\n\n<li>A veces, el <strong>certificado de nacimiento<\/strong> y el certificado del alta en el padr\u00f3n municipal c<em>ertificado de empadronamiento<\/em>, la \u201cAnmeldung\u201d)<\/li>\n<\/ul>\n\n\n\n<p>A menudo, los documentos est\u00e1n provistos de <a href=\"https:\/\/sarah-schneider-sprachdienste.de\/beglaubigte-ubersetzung\/die-apostille-und-ihre-uebersetzung\/\"><strong>una apostilla<\/strong><\/a>, la mayor\u00eda de las cuales deben traducirse, especialmente si est\u00e1n redactadas exclusivamente en espa\u00f1ol y no son triling\u00fces.<\/p>\n\n\n\n<h2 class=\"wp-block-heading\">\u00bfQu\u00e9 debo tener en cuenta al encargar una traducci\u00f3n jurada de mis documentos?<\/h2>\n\n\n\n<p>Normalmente, la oficina correspondiente le entregar\u00e1 un folleto (<a href=\"https:\/\/lavg.brandenburg.de\/lavg\/de\/gesundheit\/gesundheitsfachberufe\/anerkennung-auslaendischer-ausbildung\/#\" target=\"_blank\" rel=\"noreferrer noopener\">ejemplo: Brandemburgo<\/a>) con los requisitos para las traducciones juradas. Puede enviarme esta hoja directamente con la solicitud del presupuesto. No obstante, en el caso del reconocimiento de las profesiones m\u00e9dicas se debe tener en cuenta lo siguiente:<\/p>\n\n\n\n<p>1. Todos los documentos deben estar <strong>apostillados<\/strong>. La apostilla tambi\u00e9n debe traducirse.<\/p>\n\n\n\n<p>2. <strong>La traducci\u00f3n debe hacerse a partir del original o de la copia compulsada<\/strong>.<\/p>\n\n\n\n<p><strong>Primero debe apostillar o legalizar<\/strong> todos los documentos <strong>en su pa\u00eds de origen<\/strong>. A continuaci\u00f3n, tendr\u00e1 que hacer una <strong>copia compulsada (ante notario)<\/strong> de todos los documentos apostillados (en un notario de su pa\u00eds de origen o de Alemania). Luego, <strong>nos env\u00eda esta copia certificada por correo postal<\/strong>, y realizaremos sus traducciones partiendo de la base de la copia notarial.<\/p>\n\n\n\n<p>Si la autoridad competente le pide una copia certificada de la traducci\u00f3n, puede simplemente pedirnos otra copia, ya que la oficina suele quedarse con una.<\/p>\n\n\n\n<h3 class=\"wp-block-heading\"><strong>C\u00f3mo obtener un presupuesto para la traducci\u00f3n oficial de mis documentos para la homologaci\u00f3n<\/strong><\/h3>\n\n\n\n<p>Si desea <strong>obtener una oferta sin compromiso <\/strong>para la traducci\u00f3n certificada Espa\u00f1ol &#8211; Alem\u00e1n de sus documentos para el solicitar la homologaci\u00f3n de su t\u00edtulo de m\u00e9dico en Alemania, no dude en enviarmelos <strong>escaneados <\/strong><a href=\"mailto:post@sarah-schneider.eu\"><strong>por correo<\/strong><\/a> electr\u00f3nico (consulte <a href=\"https:\/\/sarah-schneider-sprachdienste.de\/datenschutz\/\">la Pol\u00edtica de Protecci\u00f3n de Datos<\/a>). Le enviar\u00e9 una oferta por escrito que, en caso necesario, tambi\u00e9n podr\u00e1 presentarlo para su reembolso ante un organismo oficial como el Jobcenter o la Agencia de Trabajo alemana.<\/p>\n\n\n\n<p>&nbsp;<\/p>\n\n\n\n<div class=\"wpcf7 no-js\" id=\"wpcf7-f160-o1\" lang=\"es-ES\" dir=\"ltr\" data-wpcf7-id=\"160\">\n<div class=\"screen-reader-response\"><p role=\"status\" aria-live=\"polite\" aria-atomic=\"true\"><\/p> <ul><\/ul><\/div>\n<form action=\"\/es\/wp-json\/wp\/v2\/posts\/89#wpcf7-f160-o1\" method=\"post\" class=\"wpcf7-form init\" aria-label=\"Formulario de contacto\" enctype=\"multipart\/form-data\" novalidate=\"novalidate\" data-status=\"init\">\n<fieldset class=\"hidden-fields-container\"><input type=\"hidden\" name=\"_wpcf7\" value=\"160\" \/><input type=\"hidden\" name=\"_wpcf7_version\" value=\"6.1.5\" \/><input type=\"hidden\" name=\"_wpcf7_locale\" value=\"es_ES\" \/><input type=\"hidden\" name=\"_wpcf7_unit_tag\" value=\"wpcf7-f160-o1\" \/><input type=\"hidden\" name=\"_wpcf7_container_post\" value=\"0\" \/><input type=\"hidden\" name=\"_wpcf7_posted_data_hash\" value=\"\" \/><input type=\"hidden\" name=\"_wpcf7cf_hidden_group_fields\" value=\"[]\" \/><input type=\"hidden\" name=\"_wpcf7cf_hidden_groups\" value=\"[]\" \/><input type=\"hidden\" name=\"_wpcf7cf_visible_groups\" value=\"[]\" \/><input type=\"hidden\" name=\"_wpcf7cf_repeaters\" value=\"[]\" \/><input type=\"hidden\" name=\"_wpcf7cf_steps\" value=\"{}\" \/><input type=\"hidden\" name=\"_wpcf7cf_options\" value=\"{&quot;form_id&quot;:160,&quot;conditions&quot;:[{&quot;then_field&quot;:&quot;Opcion_esp&quot;,&quot;and_rules&quot;:[{&quot;if_field&quot;:&quot;idiomas&quot;,&quot;operator&quot;:&quot;equals&quot;,&quot;if_value&quot;:&quot;alem\\u00e1n &gt; espa\\u00f1ol&quot;}]}],&quot;settings&quot;:{&quot;animation&quot;:&quot;yes&quot;,&quot;animation_intime&quot;:200,&quot;animation_outtime&quot;:200,&quot;conditions_ui&quot;:&quot;normal&quot;,&quot;notice_dismissed&quot;:false,&quot;notice_dismissed_rollback-cf7-5.9.4&quot;:true}}\" \/>\n<\/fieldset>\n<p><label> Tu email (obligatorio)<\/label><br \/>\n<span class=\"wpcf7-form-control-wrap\" data-name=\"your-email\"><input size=\"40\" maxlength=\"400\" class=\"wpcf7-form-control wpcf7-email wpcf7-validates-as-required wpcf7-text wpcf7-validates-as-email half-cf7\" aria-required=\"true\" aria-invalid=\"false\" value=\"\" type=\"email\" name=\"your-email\" \/><\/span>\n<\/p>\n<p><label> Tu nombre (voluntario)<\/label><br \/>\n<span class=\"wpcf7-form-control-wrap\" data-name=\"your-name\"><input size=\"40\" maxlength=\"400\" class=\"wpcf7-form-control wpcf7-text wpcf7-validates-as-required\" aria-required=\"true\" aria-invalid=\"false\" value=\"\" type=\"text\" name=\"your-name\" \/><\/span>\n<\/p>\n<p><label> Tu mensaje<\/label><br \/>\n<span class=\"wpcf7-form-control-wrap\" data-name=\"your-message\"><textarea cols=\"40\" rows=\"10\" maxlength=\"2000\" class=\"wpcf7-form-control wpcf7-textarea\" aria-invalid=\"false\" name=\"your-message\"><\/textarea><\/span>\n<\/p>\n<p><label>Adjuntar documento a traducir para obtener presupuesto:<\/label><br \/>\n<label>Tama\u00f1o m\u00e1ximo del documento 23mb. Si el documento es mas grande env\u00edelo directo al email: post@sarah-schneider.eu<br \/>\nGu\u00eda para escanear <a href=\"https:\/\/sarah-schneider-sprachdienste.de\/es\/guia-para-escanear-documentos-para-su-traduccion-jurada\/\" target=\"_blank\"> documentos para traducciones juradas.<\/a><\/label><br \/>\n<div id=\"mfcf7_zl_multifilecontainer\"><span class=\"mfcf7-zl-multiline-sample\" style=\"display:none\"><p class=\"wpcf7-form-control-wrap files\"><input size=\"40\" class=\"wpcf7-form-control wpcf7-multilinefile wpcf7-validates-as-required\" multiple=\"multiple\" value=\"Subir archivos\" aria-required=\"true\" aria-invalid=\"false\" type=\"file\" name=\"files[]\" \/> <span class=\"mfcf7-zl-multifile-name\"><\/span><a href=\"javascript:void(0);\" class=\"mfcf7_zl_delete_file\"><span class=\"delete-file\" aria-hidden=\"true\">&#x274C;<\/span><\/a><\/p><\/span><\/div><span class=\"wpcf7-form-control-wrap zl-form-control-wrap files\"><input size=\"40\" class=\"wpcf7-form-control wpcf7-multilinefile wpcf7-validates-as-required\" multiple=\"multiple\" value=\"Subir archivos\" aria-required=\"true\" aria-invalid=\"false\" type=\"file\" name=\"files[]\" \/> <span class=\"mfcf7-zl-multifile-name\"><\/span><a href=\"javascript:void(0);\" class=\"mfcf7_zl_delete_file\"><span class=\"delete-file\" aria-hidden=\"true\">&#x274C;<\/span><\/a><\/span><p><label><span class=\"wpcf7-form-control-wrap\" data-name=\"files-zl-mfcf7-upld-btn\"><input type=\"button\" name=\"files-zl-mfcf7-upld-btn\" class=\"button button-primary qbutton\" id=\"mfcf7_zl_add_file\" value=\"Subir archivos\"><\/span><\/label><\/p>\n<\/p>\n<p><label>Tipo de traducci\u00f3n:<\/label><br \/>\n<span class=\"wpcf7-form-control-wrap\" data-name=\"tipo-traduccion\"><select class=\"wpcf7-form-control wpcf7-select wpcf7-validates-as-required\" aria-required=\"true\" aria-invalid=\"false\" name=\"tipo-traduccion\"><option value=\"Traducci\u00f3n jurada\">Traducci\u00f3n jurada<\/option><option value=\"Traducci\u00f3n simple\">Traducci\u00f3n simple<\/option><\/select><\/span>\n<\/p>\n<p><label>Combinaci\u00f3n de idiomas:<\/label><br \/>\n<span class=\"wpcf7-form-control-wrap\" data-name=\"idiomas\"><select class=\"wpcf7-form-control wpcf7-select wpcf7-validates-as-required\" aria-required=\"true\" aria-invalid=\"false\" name=\"idiomas\"><option value=\"espa\u00f1ol &gt; alem\u00e1n\">espa\u00f1ol &gt; alem\u00e1n<\/option><option value=\"alem\u00e1n &gt; espa\u00f1ol\">alem\u00e1n &gt; espa\u00f1ol<\/option><\/select><\/span>\n<\/p>\n<div data-id=\"Opcion_esp\" data-orig_data_id=\"Opcion_esp\" data-clear_on_hide class=\"\" data-class=\"wpcf7cf_group\">\n\t<p><label> Pa\u00eds:<\/label><br \/>\n<span class=\"wpcf7-form-control-wrap\" data-name=\"pais\"><select class=\"wpcf7-form-control wpcf7-select\" aria-invalid=\"false\" name=\"pais\"><option value=\"No Seleccionado\">No Seleccionado<\/option><option value=\"Espa\u00f1a\">Espa\u00f1a<\/option><option value=\"Rep\u00fablica Dominicana o Cuba\">Rep\u00fablica Dominicana o Cuba<\/option><option value=\"Otros pa\u00edses en Latinoam\u00e9rica\">Otros pa\u00edses en Latinoam\u00e9rica<\/option><\/select><\/span>\n\t<\/p>\n<\/div>\n<p><label>Necesito la traducci\u00f3n como muy tarde el d\u00eda:<\/label><br \/>\n<span class=\"wpcf7-form-control-wrap\" data-name=\"fecha-limite\"><input class=\"wpcf7-form-control wpcf7-date wpcf7-validates-as-date\" aria-invalid=\"false\" value=\"\" type=\"date\" name=\"fecha-limite\" \/><\/span>\n<\/p>\n<p><label>Otras opciones:<\/label><br \/>\n<span class=\"wpcf7-form-control-wrap\" data-name=\"opciones\"><span class=\"wpcf7-form-control wpcf7-checkbox\"><span class=\"wpcf7-list-item first\"><label><input type=\"checkbox\" name=\"opciones[]\" value=\"Solo versi\u00f3n con firma digital\" \/><span class=\"wpcf7-list-item-label\">Solo versi\u00f3n con firma digital<\/span><\/label><\/span><span class=\"wpcf7-list-item\"><label><input type=\"checkbox\" name=\"opciones[]\" value=\"Digital &amp; en papel\" \/><span class=\"wpcf7-list-item-label\">Digital &amp; en papel<\/span><\/label><\/span><span class=\"wpcf7-list-item\"><label><input type=\"checkbox\" name=\"opciones[]\" value=\"Solamente en papel\" \/><span class=\"wpcf7-list-item-label\">Solamente en papel<\/span><\/label><\/span><span class=\"wpcf7-list-item\"><label><input type=\"checkbox\" name=\"opciones[]\" value=\"Env\u00edo postal al extranjero (fuera de Alemania)\" \/><span class=\"wpcf7-list-item-label\">Env\u00edo postal al extranjero (fuera de Alemania)<\/span><\/label><\/span><span class=\"wpcf7-list-item last\"><label><input type=\"checkbox\" name=\"opciones[]\" value=\"Necesito un ejemplar adicional de cada traducci\u00f3n\" \/><span class=\"wpcf7-list-item-label\">Necesito un ejemplar adicional de cada traducci\u00f3n<\/span><\/label><\/span><\/span><\/span>\n<\/p>\n<p><span class=\"wpcf7-form-control-wrap\" data-name=\"acceptance-8\"><span class=\"wpcf7-form-control wpcf7-acceptance\"><span class=\"wpcf7-list-item\"><input type=\"checkbox\" name=\"acceptance-8\" value=\"1\" aria-invalid=\"false\" \/><\/span><\/span><\/span><a href=\"\/es\/proteccion-de-datos\/\" target=\"_blank\" rel=\"noreferrer noopener\" aria-label=\"Protecci\u00f3n de datos (se abre en una nueva pesta\u00f1a)\">He le\u00eddo la declaraci\u00f3n de protecci\u00f3n de datos y la informaci\u00f3n sobre el tratamiento de mis datos personales y acepto.<\/a>\n<\/p>\n<p>Si contacta conmigo a trav\u00e9s del formulario de contacto, por favor compruebe tambi\u00e9n la carpeta spam de su cuenta de correo.\n<\/p>\n<p><span id=\"wpcf7-69efa2fc04a45-wrapper\" class=\"wpcf7-form-control-wrap proteccion-wrap\" ><input type=\"hidden\" name=\"proteccion-time-start\" value=\"1777312508\"><input type=\"hidden\" name=\"proteccion-time-check\" value=\"3\"><input id=\"wpcf7-69efa2fc04a45-field\"  class=\"wpcf7-form-control wpcf7-text\" type=\"text\" name=\"proteccion\" value=\"\" size=\"40\" tabindex=\"-1\" autocomplete=\"off\" \/><\/span>\n<\/p>\n<p><input class=\"wpcf7-form-control wpcf7-submit has-spinner wp-block-button__link has-text-color wp-element-button\" type=\"submit\" value=\"Enviar\" \/>\n<\/p><p style=\"display: none !important;\" class=\"akismet-fields-container\" data-prefix=\"_wpcf7_ak_\"><label>&#916;<textarea name=\"_wpcf7_ak_hp_textarea\" cols=\"45\" rows=\"8\" maxlength=\"100\"><\/textarea><\/label><input type=\"hidden\" id=\"ak_js_1\" name=\"_wpcf7_ak_js\" value=\"208\"\/><script type=\"text\/javascript\">\n\/* <![CDATA[ *\/\ndocument.getElementById( \"ak_js_1\" ).setAttribute( \"value\", ( new Date() ).getTime() );\n\/* ]]> *\/\n<\/script>\n<\/p><div class=\"wpcf7-response-output\" aria-hidden=\"true\"><\/div>\n<\/form>\n<\/div>\n\n\n\n\n<p>&nbsp;<\/p>\n\n\n\n<p>&nbsp;<\/p>\n","protected":false},"excerpt":{"rendered":"<p>\u00bfEres m\u00e9dico y quieres iniciar proceso de la homologaci\u00f3n de tu t\u00edtulo en Alemania? \u00bfNo sabes qu\u00e9 documentos necesitas presentar y como obtener las copias compulsadas y las traducciones juradas? Tengo mucha experiencia en la traducci\u00f3n jurada de certificados para el reconocimiento de profesiones m\u00e9dicas y te ayudo encantada.<\/p>\n","protected":false},"author":1,"featured_media":79,"comment_status":"closed","ping_status":"open","sticky":false,"template":"","format":"standard","meta":{"footnotes":""},"categories":[27],"tags":[],"class_list":["post-89","post","type-post","status-publish","format-standard","has-post-thumbnail","hentry","category-traduccion-jurada-para-la-homologacion"],"yoast_head":"<!-- This site is optimized with the Yoast SEO plugin v27.4 - https:\/\/yoast.com\/product\/yoast-seo-wordpress\/ -->\n<title>Traducci\u00f3n certificada para profesiones m\u00e9dicas en Alemania<\/title>\n<meta name=\"description\" content=\"\u00bfEres m\u00e9dico y quieres iniciar proceso de la homologaci\u00f3n de tu t\u00edtulo en Alemania? \u00bfNo sabes qu\u00e9 documentos necesitas traducir? M\u00e1s informaci\u00f3n aqu\u00ed.\" \/>\n<meta name=\"robots\" content=\"index, follow, max-snippet:-1, max-image-preview:large, max-video-preview:-1\" \/>\n<link rel=\"canonical\" href=\"https:\/\/sarah-schneider-sprachdienste.de\/es\/traduccion-certificada-espanol-aleman-para-el-reconocimiento-de-profesiones-medicas-en-alemania\/\" \/>\n<meta property=\"og:locale\" content=\"es_ES\" \/>\n<meta property=\"og:type\" content=\"article\" \/>\n<meta property=\"og:title\" content=\"Traducci\u00f3n certificada para profesiones m\u00e9dicas en Alemania\" \/>\n<meta property=\"og:description\" content=\"\u00bfEres m\u00e9dico y quieres iniciar proceso de la homologaci\u00f3n de tu t\u00edtulo en Alemania? \u00bfNo sabes qu\u00e9 documentos necesitas traducir? M\u00e1s informaci\u00f3n aqu\u00ed.\" \/>\n<meta property=\"og:url\" content=\"https:\/\/sarah-schneider-sprachdienste.de\/es\/traduccion-certificada-espanol-aleman-para-el-reconocimiento-de-profesiones-medicas-en-alemania\/\" \/>\n<meta property=\"og:site_name\" content=\"Sarah Schneider Sprachdienste - Servicios Ling\u00fc\u00edsticos\" \/>\n<meta property=\"article:published_time\" content=\"2021-06-16T11:38:51+00:00\" \/>\n<meta property=\"article:modified_time\" content=\"2025-06-24T09:42:22+00:00\" \/>\n<meta property=\"og:image\" content=\"https:\/\/sarah-schneider-sprachdienste.de\/wp-content\/uploads\/Sarah-Schneider-Sprachdienste-04.png\" \/>\n\t<meta property=\"og:image:width\" content=\"924\" \/>\n\t<meta property=\"og:image:height\" content=\"450\" \/>\n\t<meta property=\"og:image:type\" content=\"image\/png\" \/>\n<meta name=\"author\" content=\"Sarah Schneider, M.A., erm\u00e4chtigte \u00dcbersetzerin f\u00fcr die spanische Sprache\" \/>\n<meta name=\"twitter:card\" content=\"summary_large_image\" \/>\n<meta name=\"twitter:label1\" content=\"Escrito por\" \/>\n\t<meta name=\"twitter:data1\" content=\"Sarah Schneider, M.A., erm\u00e4chtigte \u00dcbersetzerin f\u00fcr die spanische Sprache\" \/>\n\t<meta name=\"twitter:label2\" content=\"Tiempo de lectura\" \/>\n\t<meta name=\"twitter:data2\" content=\"5 minutos\" \/>\n<script type=\"application\/ld+json\" class=\"yoast-schema-graph\">{\"@context\":\"https:\\\/\\\/schema.org\",\"@graph\":[{\"@type\":\"Article\",\"@id\":\"https:\\\/\\\/sarah-schneider-sprachdienste.de\\\/es\\\/traduccion-certificada-espanol-aleman-para-el-reconocimiento-de-profesiones-medicas-en-alemania\\\/#article\",\"isPartOf\":{\"@id\":\"https:\\\/\\\/sarah-schneider-sprachdienste.de\\\/es\\\/traduccion-certificada-espanol-aleman-para-el-reconocimiento-de-profesiones-medicas-en-alemania\\\/\"},\"author\":{\"name\":\"Sarah Schneider, M.A., erm\u00e4chtigte \u00dcbersetzerin f\u00fcr die spanische Sprache\",\"@id\":\"https:\\\/\\\/sarah-schneider-sprachdienste.de\\\/es\\\/#\\\/schema\\\/person\\\/3574b8852bc10be824ce67f91f973c94\"},\"headline\":\"Traducci\u00f3n certificada Espa\u00f1ol &#8211; Alem\u00e1n para el reconocimiento de profesiones m\u00e9dicas en Alemania\",\"datePublished\":\"2021-06-16T11:38:51+00:00\",\"dateModified\":\"2025-06-24T09:42:22+00:00\",\"mainEntityOfPage\":{\"@id\":\"https:\\\/\\\/sarah-schneider-sprachdienste.de\\\/es\\\/traduccion-certificada-espanol-aleman-para-el-reconocimiento-de-profesiones-medicas-en-alemania\\\/\"},\"wordCount\":1235,\"publisher\":{\"@id\":\"https:\\\/\\\/sarah-schneider-sprachdienste.de\\\/es\\\/#organization\"},\"image\":{\"@id\":\"https:\\\/\\\/sarah-schneider-sprachdienste.de\\\/es\\\/traduccion-certificada-espanol-aleman-para-el-reconocimiento-de-profesiones-medicas-en-alemania\\\/#primaryimage\"},\"thumbnailUrl\":\"https:\\\/\\\/sarah-schneider-sprachdienste.de\\\/wp-content\\\/uploads\\\/Sarah-Schneider-Sprachdienste-04.png\",\"articleSection\":[\"Traducci\u00f3n jurada para la homologaci\u00f3n\"],\"inLanguage\":\"es\"},{\"@type\":\"WebPage\",\"@id\":\"https:\\\/\\\/sarah-schneider-sprachdienste.de\\\/es\\\/traduccion-certificada-espanol-aleman-para-el-reconocimiento-de-profesiones-medicas-en-alemania\\\/\",\"url\":\"https:\\\/\\\/sarah-schneider-sprachdienste.de\\\/es\\\/traduccion-certificada-espanol-aleman-para-el-reconocimiento-de-profesiones-medicas-en-alemania\\\/\",\"name\":\"Traducci\u00f3n certificada para profesiones m\u00e9dicas en Alemania\",\"isPartOf\":{\"@id\":\"https:\\\/\\\/sarah-schneider-sprachdienste.de\\\/es\\\/#website\"},\"primaryImageOfPage\":{\"@id\":\"https:\\\/\\\/sarah-schneider-sprachdienste.de\\\/es\\\/traduccion-certificada-espanol-aleman-para-el-reconocimiento-de-profesiones-medicas-en-alemania\\\/#primaryimage\"},\"image\":{\"@id\":\"https:\\\/\\\/sarah-schneider-sprachdienste.de\\\/es\\\/traduccion-certificada-espanol-aleman-para-el-reconocimiento-de-profesiones-medicas-en-alemania\\\/#primaryimage\"},\"thumbnailUrl\":\"https:\\\/\\\/sarah-schneider-sprachdienste.de\\\/wp-content\\\/uploads\\\/Sarah-Schneider-Sprachdienste-04.png\",\"datePublished\":\"2021-06-16T11:38:51+00:00\",\"dateModified\":\"2025-06-24T09:42:22+00:00\",\"description\":\"\u00bfEres m\u00e9dico y quieres iniciar proceso de la homologaci\u00f3n de tu t\u00edtulo en Alemania? \u00bfNo sabes qu\u00e9 documentos necesitas traducir? M\u00e1s informaci\u00f3n aqu\u00ed.\",\"breadcrumb\":{\"@id\":\"https:\\\/\\\/sarah-schneider-sprachdienste.de\\\/es\\\/traduccion-certificada-espanol-aleman-para-el-reconocimiento-de-profesiones-medicas-en-alemania\\\/#breadcrumb\"},\"inLanguage\":\"es\",\"potentialAction\":[{\"@type\":\"ReadAction\",\"target\":[\"https:\\\/\\\/sarah-schneider-sprachdienste.de\\\/es\\\/traduccion-certificada-espanol-aleman-para-el-reconocimiento-de-profesiones-medicas-en-alemania\\\/\"]}]},{\"@type\":\"ImageObject\",\"inLanguage\":\"es\",\"@id\":\"https:\\\/\\\/sarah-schneider-sprachdienste.de\\\/es\\\/traduccion-certificada-espanol-aleman-para-el-reconocimiento-de-profesiones-medicas-en-alemania\\\/#primaryimage\",\"url\":\"https:\\\/\\\/sarah-schneider-sprachdienste.de\\\/wp-content\\\/uploads\\\/Sarah-Schneider-Sprachdienste-04.png\",\"contentUrl\":\"https:\\\/\\\/sarah-schneider-sprachdienste.de\\\/wp-content\\\/uploads\\\/Sarah-Schneider-Sprachdienste-04.png\",\"width\":924,\"height\":450},{\"@type\":\"BreadcrumbList\",\"@id\":\"https:\\\/\\\/sarah-schneider-sprachdienste.de\\\/es\\\/traduccion-certificada-espanol-aleman-para-el-reconocimiento-de-profesiones-medicas-en-alemania\\\/#breadcrumb\",\"itemListElement\":[{\"@type\":\"ListItem\",\"position\":1,\"name\":\"Portada\",\"item\":\"https:\\\/\\\/sarah-schneider-sprachdienste.de\\\/es\\\/\"},{\"@type\":\"ListItem\",\"position\":2,\"name\":\"Traducci\u00f3n certificada Espa\u00f1ol &#8211; Alem\u00e1n para el reconocimiento de profesiones m\u00e9dicas en Alemania\"}]},{\"@type\":\"WebSite\",\"@id\":\"https:\\\/\\\/sarah-schneider-sprachdienste.de\\\/es\\\/#website\",\"url\":\"https:\\\/\\\/sarah-schneider-sprachdienste.de\\\/es\\\/\",\"name\":\"Sarah Schneider Sprachdienste - Servicios Ling\u00fc\u00edsticos\",\"description\":\"\",\"publisher\":{\"@id\":\"https:\\\/\\\/sarah-schneider-sprachdienste.de\\\/es\\\/#organization\"},\"potentialAction\":[{\"@type\":\"SearchAction\",\"target\":{\"@type\":\"EntryPoint\",\"urlTemplate\":\"https:\\\/\\\/sarah-schneider-sprachdienste.de\\\/es\\\/?s={search_term_string}\"},\"query-input\":{\"@type\":\"PropertyValueSpecification\",\"valueRequired\":true,\"valueName\":\"search_term_string\"}}],\"inLanguage\":\"es\"},{\"@type\":\"Organization\",\"@id\":\"https:\\\/\\\/sarah-schneider-sprachdienste.de\\\/es\\\/#organization\",\"name\":\"Sarah Schneider Sprachdienste\",\"alternateName\":\"sprachdienste\",\"url\":\"https:\\\/\\\/sarah-schneider-sprachdienste.de\\\/es\\\/\",\"logo\":{\"@type\":\"ImageObject\",\"inLanguage\":\"es\",\"@id\":\"https:\\\/\\\/sarah-schneider-sprachdienste.de\\\/es\\\/#\\\/schema\\\/logo\\\/image\\\/\",\"url\":\"https:\\\/\\\/sarah-schneider-sprachdienste.de\\\/wp-content\\\/uploads\\\/logo-alem_C3_A1-optimizado.png\",\"contentUrl\":\"https:\\\/\\\/sarah-schneider-sprachdienste.de\\\/wp-content\\\/uploads\\\/logo-alem_C3_A1-optimizado.png\",\"width\":636,\"height\":244,\"caption\":\"Sarah Schneider Sprachdienste\"},\"image\":{\"@id\":\"https:\\\/\\\/sarah-schneider-sprachdienste.de\\\/es\\\/#\\\/schema\\\/logo\\\/image\\\/\"}},{\"@type\":\"Person\",\"@id\":\"https:\\\/\\\/sarah-schneider-sprachdienste.de\\\/es\\\/#\\\/schema\\\/person\\\/3574b8852bc10be824ce67f91f973c94\",\"name\":\"Sarah Schneider, M.A., erm\u00e4chtigte \u00dcbersetzerin f\u00fcr die spanische Sprache\",\"image\":{\"@type\":\"ImageObject\",\"inLanguage\":\"es\",\"@id\":\"https:\\\/\\\/secure.gravatar.com\\\/avatar\\\/0a4d97181d7039e5ef62d7e5f95f647b95dbec3d21f21bcc6765232192c12e09?s=96&d=mm&r=g\",\"url\":\"https:\\\/\\\/secure.gravatar.com\\\/avatar\\\/0a4d97181d7039e5ef62d7e5f95f647b95dbec3d21f21bcc6765232192c12e09?s=96&d=mm&r=g\",\"contentUrl\":\"https:\\\/\\\/secure.gravatar.com\\\/avatar\\\/0a4d97181d7039e5ef62d7e5f95f647b95dbec3d21f21bcc6765232192c12e09?s=96&d=mm&r=g\",\"caption\":\"Sarah Schneider, M.A., erm\u00e4chtigte \u00dcbersetzerin f\u00fcr die spanische Sprache\"},\"sameAs\":[\"https:\\\/\\\/sarah-schneider-sprachdienste.de\"],\"url\":\"https:\\\/\\\/sarah-schneider-sprachdienste.de\\\/es\\\/author\\\/sarahtarjetavirtual\\\/\"}]}<\/script>\n<!-- \/ Yoast SEO plugin. -->","yoast_head_json":{"title":"Traducci\u00f3n certificada para profesiones m\u00e9dicas en Alemania","description":"\u00bfEres m\u00e9dico y quieres iniciar proceso de la homologaci\u00f3n de tu t\u00edtulo en Alemania? \u00bfNo sabes qu\u00e9 documentos necesitas traducir? M\u00e1s informaci\u00f3n aqu\u00ed.","robots":{"index":"index","follow":"follow","max-snippet":"max-snippet:-1","max-image-preview":"max-image-preview:large","max-video-preview":"max-video-preview:-1"},"canonical":"https:\/\/sarah-schneider-sprachdienste.de\/es\/traduccion-certificada-espanol-aleman-para-el-reconocimiento-de-profesiones-medicas-en-alemania\/","og_locale":"es_ES","og_type":"article","og_title":"Traducci\u00f3n certificada para profesiones m\u00e9dicas en Alemania","og_description":"\u00bfEres m\u00e9dico y quieres iniciar proceso de la homologaci\u00f3n de tu t\u00edtulo en Alemania? \u00bfNo sabes qu\u00e9 documentos necesitas traducir? M\u00e1s informaci\u00f3n aqu\u00ed.","og_url":"https:\/\/sarah-schneider-sprachdienste.de\/es\/traduccion-certificada-espanol-aleman-para-el-reconocimiento-de-profesiones-medicas-en-alemania\/","og_site_name":"Sarah Schneider Sprachdienste - Servicios Ling\u00fc\u00edsticos","article_published_time":"2021-06-16T11:38:51+00:00","article_modified_time":"2025-06-24T09:42:22+00:00","og_image":[{"width":924,"height":450,"url":"https:\/\/sarah-schneider-sprachdienste.de\/wp-content\/uploads\/Sarah-Schneider-Sprachdienste-04.png","type":"image\/png"}],"author":"Sarah Schneider, M.A., erm\u00e4chtigte \u00dcbersetzerin f\u00fcr die spanische Sprache","twitter_card":"summary_large_image","twitter_misc":{"Escrito por":"Sarah Schneider, M.A., erm\u00e4chtigte \u00dcbersetzerin f\u00fcr die spanische Sprache","Tiempo de lectura":"5 minutos"},"schema":{"@context":"https:\/\/schema.org","@graph":[{"@type":"Article","@id":"https:\/\/sarah-schneider-sprachdienste.de\/es\/traduccion-certificada-espanol-aleman-para-el-reconocimiento-de-profesiones-medicas-en-alemania\/#article","isPartOf":{"@id":"https:\/\/sarah-schneider-sprachdienste.de\/es\/traduccion-certificada-espanol-aleman-para-el-reconocimiento-de-profesiones-medicas-en-alemania\/"},"author":{"name":"Sarah Schneider, M.A., erm\u00e4chtigte \u00dcbersetzerin f\u00fcr die spanische Sprache","@id":"https:\/\/sarah-schneider-sprachdienste.de\/es\/#\/schema\/person\/3574b8852bc10be824ce67f91f973c94"},"headline":"Traducci\u00f3n certificada Espa\u00f1ol &#8211; Alem\u00e1n para el reconocimiento de profesiones m\u00e9dicas en Alemania","datePublished":"2021-06-16T11:38:51+00:00","dateModified":"2025-06-24T09:42:22+00:00","mainEntityOfPage":{"@id":"https:\/\/sarah-schneider-sprachdienste.de\/es\/traduccion-certificada-espanol-aleman-para-el-reconocimiento-de-profesiones-medicas-en-alemania\/"},"wordCount":1235,"publisher":{"@id":"https:\/\/sarah-schneider-sprachdienste.de\/es\/#organization"},"image":{"@id":"https:\/\/sarah-schneider-sprachdienste.de\/es\/traduccion-certificada-espanol-aleman-para-el-reconocimiento-de-profesiones-medicas-en-alemania\/#primaryimage"},"thumbnailUrl":"https:\/\/sarah-schneider-sprachdienste.de\/wp-content\/uploads\/Sarah-Schneider-Sprachdienste-04.png","articleSection":["Traducci\u00f3n jurada para la homologaci\u00f3n"],"inLanguage":"es"},{"@type":"WebPage","@id":"https:\/\/sarah-schneider-sprachdienste.de\/es\/traduccion-certificada-espanol-aleman-para-el-reconocimiento-de-profesiones-medicas-en-alemania\/","url":"https:\/\/sarah-schneider-sprachdienste.de\/es\/traduccion-certificada-espanol-aleman-para-el-reconocimiento-de-profesiones-medicas-en-alemania\/","name":"Traducci\u00f3n certificada para profesiones m\u00e9dicas en Alemania","isPartOf":{"@id":"https:\/\/sarah-schneider-sprachdienste.de\/es\/#website"},"primaryImageOfPage":{"@id":"https:\/\/sarah-schneider-sprachdienste.de\/es\/traduccion-certificada-espanol-aleman-para-el-reconocimiento-de-profesiones-medicas-en-alemania\/#primaryimage"},"image":{"@id":"https:\/\/sarah-schneider-sprachdienste.de\/es\/traduccion-certificada-espanol-aleman-para-el-reconocimiento-de-profesiones-medicas-en-alemania\/#primaryimage"},"thumbnailUrl":"https:\/\/sarah-schneider-sprachdienste.de\/wp-content\/uploads\/Sarah-Schneider-Sprachdienste-04.png","datePublished":"2021-06-16T11:38:51+00:00","dateModified":"2025-06-24T09:42:22+00:00","description":"\u00bfEres m\u00e9dico y quieres iniciar proceso de la homologaci\u00f3n de tu t\u00edtulo en Alemania? \u00bfNo sabes qu\u00e9 documentos necesitas traducir? M\u00e1s informaci\u00f3n aqu\u00ed.","breadcrumb":{"@id":"https:\/\/sarah-schneider-sprachdienste.de\/es\/traduccion-certificada-espanol-aleman-para-el-reconocimiento-de-profesiones-medicas-en-alemania\/#breadcrumb"},"inLanguage":"es","potentialAction":[{"@type":"ReadAction","target":["https:\/\/sarah-schneider-sprachdienste.de\/es\/traduccion-certificada-espanol-aleman-para-el-reconocimiento-de-profesiones-medicas-en-alemania\/"]}]},{"@type":"ImageObject","inLanguage":"es","@id":"https:\/\/sarah-schneider-sprachdienste.de\/es\/traduccion-certificada-espanol-aleman-para-el-reconocimiento-de-profesiones-medicas-en-alemania\/#primaryimage","url":"https:\/\/sarah-schneider-sprachdienste.de\/wp-content\/uploads\/Sarah-Schneider-Sprachdienste-04.png","contentUrl":"https:\/\/sarah-schneider-sprachdienste.de\/wp-content\/uploads\/Sarah-Schneider-Sprachdienste-04.png","width":924,"height":450},{"@type":"BreadcrumbList","@id":"https:\/\/sarah-schneider-sprachdienste.de\/es\/traduccion-certificada-espanol-aleman-para-el-reconocimiento-de-profesiones-medicas-en-alemania\/#breadcrumb","itemListElement":[{"@type":"ListItem","position":1,"name":"Portada","item":"https:\/\/sarah-schneider-sprachdienste.de\/es\/"},{"@type":"ListItem","position":2,"name":"Traducci\u00f3n certificada Espa\u00f1ol &#8211; Alem\u00e1n para el reconocimiento de profesiones m\u00e9dicas en Alemania"}]},{"@type":"WebSite","@id":"https:\/\/sarah-schneider-sprachdienste.de\/es\/#website","url":"https:\/\/sarah-schneider-sprachdienste.de\/es\/","name":"Sarah Schneider Sprachdienste - Servicios Ling\u00fc\u00edsticos","description":"","publisher":{"@id":"https:\/\/sarah-schneider-sprachdienste.de\/es\/#organization"},"potentialAction":[{"@type":"SearchAction","target":{"@type":"EntryPoint","urlTemplate":"https:\/\/sarah-schneider-sprachdienste.de\/es\/?s={search_term_string}"},"query-input":{"@type":"PropertyValueSpecification","valueRequired":true,"valueName":"search_term_string"}}],"inLanguage":"es"},{"@type":"Organization","@id":"https:\/\/sarah-schneider-sprachdienste.de\/es\/#organization","name":"Sarah Schneider Sprachdienste","alternateName":"sprachdienste","url":"https:\/\/sarah-schneider-sprachdienste.de\/es\/","logo":{"@type":"ImageObject","inLanguage":"es","@id":"https:\/\/sarah-schneider-sprachdienste.de\/es\/#\/schema\/logo\/image\/","url":"https:\/\/sarah-schneider-sprachdienste.de\/wp-content\/uploads\/logo-alem_C3_A1-optimizado.png","contentUrl":"https:\/\/sarah-schneider-sprachdienste.de\/wp-content\/uploads\/logo-alem_C3_A1-optimizado.png","width":636,"height":244,"caption":"Sarah Schneider Sprachdienste"},"image":{"@id":"https:\/\/sarah-schneider-sprachdienste.de\/es\/#\/schema\/logo\/image\/"}},{"@type":"Person","@id":"https:\/\/sarah-schneider-sprachdienste.de\/es\/#\/schema\/person\/3574b8852bc10be824ce67f91f973c94","name":"Sarah Schneider, M.A., erm\u00e4chtigte \u00dcbersetzerin f\u00fcr die spanische Sprache","image":{"@type":"ImageObject","inLanguage":"es","@id":"https:\/\/secure.gravatar.com\/avatar\/0a4d97181d7039e5ef62d7e5f95f647b95dbec3d21f21bcc6765232192c12e09?s=96&d=mm&r=g","url":"https:\/\/secure.gravatar.com\/avatar\/0a4d97181d7039e5ef62d7e5f95f647b95dbec3d21f21bcc6765232192c12e09?s=96&d=mm&r=g","contentUrl":"https:\/\/secure.gravatar.com\/avatar\/0a4d97181d7039e5ef62d7e5f95f647b95dbec3d21f21bcc6765232192c12e09?s=96&d=mm&r=g","caption":"Sarah Schneider, M.A., erm\u00e4chtigte \u00dcbersetzerin f\u00fcr die spanische Sprache"},"sameAs":["https:\/\/sarah-schneider-sprachdienste.de"],"url":"https:\/\/sarah-schneider-sprachdienste.de\/es\/author\/sarahtarjetavirtual\/"}]}},"_links":{"self":[{"href":"https:\/\/sarah-schneider-sprachdienste.de\/es\/wp-json\/wp\/v2\/posts\/89","targetHints":{"allow":["GET"]}}],"collection":[{"href":"https:\/\/sarah-schneider-sprachdienste.de\/es\/wp-json\/wp\/v2\/posts"}],"about":[{"href":"https:\/\/sarah-schneider-sprachdienste.de\/es\/wp-json\/wp\/v2\/types\/post"}],"author":[{"embeddable":true,"href":"https:\/\/sarah-schneider-sprachdienste.de\/es\/wp-json\/wp\/v2\/users\/1"}],"replies":[{"embeddable":true,"href":"https:\/\/sarah-schneider-sprachdienste.de\/es\/wp-json\/wp\/v2\/comments?post=89"}],"version-history":[{"count":6,"href":"https:\/\/sarah-schneider-sprachdienste.de\/es\/wp-json\/wp\/v2\/posts\/89\/revisions"}],"predecessor-version":[{"id":27439,"href":"https:\/\/sarah-schneider-sprachdienste.de\/es\/wp-json\/wp\/v2\/posts\/89\/revisions\/27439"}],"wp:featuredmedia":[{"embeddable":true,"href":"https:\/\/sarah-schneider-sprachdienste.de\/es\/wp-json\/wp\/v2\/media\/79"}],"wp:attachment":[{"href":"https:\/\/sarah-schneider-sprachdienste.de\/es\/wp-json\/wp\/v2\/media?parent=89"}],"wp:term":[{"taxonomy":"category","embeddable":true,"href":"https:\/\/sarah-schneider-sprachdienste.de\/es\/wp-json\/wp\/v2\/categories?post=89"},{"taxonomy":"post_tag","embeddable":true,"href":"https:\/\/sarah-schneider-sprachdienste.de\/es\/wp-json\/wp\/v2\/tags?post=89"}],"curies":[{"name":"wp","href":"https:\/\/api.w.org\/{rel}","templated":true}]}}